{"id":10020,"date":"2017-08-31T15:41:16","date_gmt":"2017-08-31T14:41:16","guid":{"rendered":"http:\/\/fcliege.be\/fr\/?p=10020"},"modified":"2017-08-31T16:05:37","modified_gmt":"2017-08-31T15:05:37","slug":"nouvelle-recrue-au-rfc-liege-randy-giargiana-rejoint-nos-couleurs","status":"publish","type":"post","link":"https:\/\/fcliege.be\/fr\/nouvelle-recrue-au-rfc-liege-randy-giargiana-rejoint-nos-couleurs\/","title":{"rendered":"Nouvelle recrue au RFC Li\u00e8ge : Randy Giargiana rejoint nos couleurs"},"content":{"rendered":"<p><img decoding=\"async\" loading=\"lazy\" class=\"alignleft wp-image-10022 size-medium\" src=\"https:\/\/fcliege.be\/fr\/wp-content\/uploads\/2017\/08\/giargiana-e1504190457909-225x300.jpg\" alt=\"giargiana\" width=\"225\" height=\"300\" srcset=\"https:\/\/fcliege.be\/fr\/wp-content\/uploads\/2017\/08\/giargiana-e1504190457909-225x300.jpg 225w, https:\/\/fcliege.be\/fr\/wp-content\/uploads\/2017\/08\/giargiana-e1504190457909-768x1024.jpg 768w\" sizes=\"(max-width: 225px) 100vw, 225px\" \/>Randy Giargiana, 21 ans, rejoint aujourd&rsquo;hui le RFC Li\u00e8ge.<\/p>\n<p>Form\u00e9 \u00e0\u00a0Eupen, et apr\u00e8s avoir\u00a0\u00e9volu\u00e9 \u00e0 Sprimont la saison derni\u00e8re, il renforcera d\u00e9sormais notre \u00e9quipe. Il pourra \u00e9voluer sur les deux flancs, aussi bien d\u00e9fensivement que dans le milieu de terrain.<\/p>\n<p>Bienvenue \u00e0 lui !<\/p>\n<p>&nbsp;<\/p>\n","protected":false},"excerpt":{"rendered":"<p>Randy Giargiana, 21 ans, rejoint aujourd&rsquo;hui le RFC Li\u00e8ge. Form\u00e9 \u00e0\u00a0Eupen, et apr\u00e8s avoir\u00a0\u00e9volu\u00e9 \u00e0 Sprimont la saison derni\u00e8re, il renforcera d\u00e9sormais notre \u00e9quipe. Il pourra \u00e9voluer sur les deux flancs, aussi bien d\u00e9fensivement que dans le milieu de terrain. Bienvenue \u00e0 lui ! &nbsp;<\/p>\n","protected":false},"author":9,"featured_media":0,"comment_status":"closed","ping_status":"closed","sticky":false,"template":"","format":"standard","meta":{"iawp_total_views":2},"categories":[24,26],"tags":[],"_links":{"self":[{"href":"https:\/\/fcliege.be\/fr\/wp-json\/wp\/v2\/posts\/10020"}],"collection":[{"href":"https:\/\/fcliege.be\/fr\/wp-json\/wp\/v2\/posts"}],"about":[{"href":"https:\/\/fcliege.be\/fr\/wp-json\/wp\/v2\/types\/post"}],"author":[{"embeddable":true,"href":"https:\/\/fcliege.be\/fr\/wp-json\/wp\/v2\/users\/9"}],"replies":[{"embeddable":true,"href":"https:\/\/fcliege.be\/fr\/wp-json\/wp\/v2\/comments?post=10020"}],"version-history":[{"count":5,"href":"https:\/\/fcliege.be\/fr\/wp-json\/wp\/v2\/posts\/10020\/revisions"}],"predecessor-version":[{"id":10027,"href":"https:\/\/fcliege.be\/fr\/wp-json\/wp\/v2\/posts\/10020\/revisions\/10027"}],"wp:attachment":[{"href":"https:\/\/fcliege.be\/fr\/wp-json\/wp\/v2\/media?parent=10020"}],"wp:term":[{"taxonomy":"category","embeddable":true,"href":"https:\/\/fcliege.be\/fr\/wp-json\/wp\/v2\/categories?post=10020"},{"taxonomy":"post_tag","embeddable":true,"href":"https:\/\/fcliege.be\/fr\/wp-json\/wp\/v2\/tags?post=10020"}],"curies":[{"name":"wp","href":"https:\/\/api.w.org\/{rel}","templated":true}]}}