{"id":10188,"date":"2018-10-29T14:30:29","date_gmt":"2018-10-29T13:30:29","guid":{"rendered":"http:\/\/fcliege.be\/fr\/?p=10188"},"modified":"2018-10-29T16:16:26","modified_gmt":"2018-10-29T15:16:26","slug":"photos-officielles-des-equipes-ce-mercedi-31-octobre","status":"publish","type":"post","link":"https:\/\/fcliege.be\/fr\/photos-officielles-des-equipes-ce-mercedi-31-octobre\/","title":{"rendered":"Photos officielles des \u00e9quipes ce mercedi 31 octobre"},"content":{"rendered":"<p>Chers joueurs,<br \/>\nChers parents,<\/p>\n<p>Ce <b>mercredi 31\u00a0octobre 2018<\/b>, notre club organisera la s\u00e9ance photo officielle des \u00e9quipes du RFCL.<\/p>\n<p>A cette occasion, nos joueurs seront photographi\u00e9s par cat\u00e9gorie, en compagnie de leurs entra\u00eeneurs.<\/p>\n<p>Afin de permettre le bon d\u00e9roulement de cet apr\u00e8s-midi, nous vous remercions de bien vouloir respecter le planning suivant :<\/p>\n<ul>\n<li><b>14h30<\/b> : photos des <b>cat\u00e9gories U6 \u00e0 U9 <\/b>&#8211;\u00a0les entra\u00eenements suivront cette s\u00e9ance photo<\/li>\n<li><b>15h45<\/b>\u00a0: photos des <b>cat\u00e9gories U10 \u00e0 U13<\/b>\u00a0&#8211;\u00a0il n&rsquo;y aura pas d&rsquo;entra\u00eenement ce mercredi pour ces cat\u00e9gories<\/li>\n<li><b>16h15<\/b>\u00a0: photos des <b>cat\u00e9gories U14\u00a0\u00e0 U17\u00a0<\/b>&#8211;\u00a0les entra\u00eenements de ces cat\u00e9gories d\u00e9buteront \u00e0 16h45<\/li>\n<li><b>16h30<\/b> : photo de la\u00a0<b>cat\u00e9gorie U19\u00a0<\/b>&#8211;\u00a0il n&rsquo;y aura pas d&rsquo;entra\u00eenement ce mercredi pour cette cat\u00e9gorie<\/li>\n<\/ul>\n<p>Pour ces clich\u00e9s, les joueurs porteront leur \u00e9quipement de match qui leur sera fourni lors de leur arriv\u00e9e au stade. Ils doivent cependant amener avec eux leur <b>paire de chaussettes bleues, leur short bleu et leurs chaussures de football<\/b>.<\/p>\n<p>Nous vous remercions d\u2019avance pour votre collaboration et restons \u00e0 votre disposition pour tout renseignement compl\u00e9mentaire aux heures habituelles d\u2019ouverture du bureau.<\/p>\n","protected":false},"excerpt":{"rendered":"<p>Chers joueurs, Chers parents, Ce mercredi 31\u00a0octobre 2018, notre club organisera la s\u00e9ance photo officielle des \u00e9quipes du RFCL. A cette occasion, nos joueurs seront photographi\u00e9s par cat\u00e9gorie, en compagnie de leurs entra\u00eeneurs. Afin de permettre le bon d\u00e9roulement de cet apr\u00e8s-midi, nous vous remercions de bien vouloir respecter le planning suivant : 14h30 : [&hellip;]<\/p>\n","protected":false},"author":9,"featured_media":0,"comment_status":"closed","ping_status":"closed","sticky":false,"template":"","format":"standard","meta":{"iawp_total_views":1},"categories":[1,25,24],"tags":[],"_links":{"self":[{"href":"https:\/\/fcliege.be\/fr\/wp-json\/wp\/v2\/posts\/10188"}],"collection":[{"href":"https:\/\/fcliege.be\/fr\/wp-json\/wp\/v2\/posts"}],"about":[{"href":"https:\/\/fcliege.be\/fr\/wp-json\/wp\/v2\/types\/post"}],"author":[{"embeddable":true,"href":"https:\/\/fcliege.be\/fr\/wp-json\/wp\/v2\/users\/9"}],"replies":[{"embeddable":true,"href":"https:\/\/fcliege.be\/fr\/wp-json\/wp\/v2\/comments?post=10188"}],"version-history":[{"count":2,"href":"https:\/\/fcliege.be\/fr\/wp-json\/wp\/v2\/posts\/10188\/revisions"}],"predecessor-version":[{"id":11809,"href":"https:\/\/fcliege.be\/fr\/wp-json\/wp\/v2\/posts\/10188\/revisions\/11809"}],"wp:attachment":[{"href":"https:\/\/fcliege.be\/fr\/wp-json\/wp\/v2\/media?parent=10188"}],"wp:term":[{"taxonomy":"category","embeddable":true,"href":"https:\/\/fcliege.be\/fr\/wp-json\/wp\/v2\/categories?post=10188"},{"taxonomy":"post_tag","embeddable":true,"href":"https:\/\/fcliege.be\/fr\/wp-json\/wp\/v2\/tags?post=10188"}],"curies":[{"name":"wp","href":"https:\/\/api.w.org\/{rel}","templated":true}]}}