{"id":10377,"date":"2017-11-23T15:23:33","date_gmt":"2017-11-23T14:23:33","guid":{"rendered":"http:\/\/fcliege.be\/fr\/?p=10377"},"modified":"2017-11-25T13:08:46","modified_gmt":"2017-11-25T12:08:46","slug":"rfc-liege-ur-la-louviere-des-ex-communs","status":"publish","type":"post","link":"https:\/\/fcliege.be\/fr\/rfc-liege-ur-la-louviere-des-ex-communs\/","title":{"rendered":"RFC Li\u00e8ge &#8211; UR La Louvi\u00e8re : des \u00ab\u00a0ex\u00a0\u00bb communs&#8230;"},"content":{"rendered":"<h4 style=\"text-align: right;\"><em>Par Laurent PACOLET<\/em><\/h4>\n<p>&nbsp;<\/p>\n<p>Sauf erreur ou omission, 21 joueurs ont port\u00e9 les vareuses li\u00e9geoise et louvi\u00e8roise.\u00a0 Bref, une histoire dense avec les Loups\u2026<\/p>\n<p><strong>Ann\u00e9es 60 et 70<\/strong>\u00a0:\u00a0 <strong>Orazio Schena<\/strong>\u00a0: le sympathique Italien d\u2019origine jouait en provinciale dans son club de Ressaix, quand il a \u00e9t\u00e9 invit\u00e9 \u00e0 passer un test\u2026\u00e0 Anderlecht.\u00a0 Le test est concluant, il se retrouve \u00e9quipier des Heylens, Lippens, Jurion, Puis, Van Himst, Verbist,\u2026 et devient champion de Belgique.\u00a0 Souhaitant jouer davantage, il rejoint les Z\u00e8bres de Charleroi durant une saison, avant de humer l\u2019air de Rocourt de 1965 \u00e0 1968.\u00a0\u00a0 Souhaitant se rapprocher de son si cher Borinage (o\u00f9 il vit toujours aujourd\u2019hui), il a sign\u00e9 \u00e0 la RAAL durant 7 saisons.<\/p>\n<p><strong>Ren\u00e9 Andries <\/strong>(1966-1969 \u00e0 Li\u00e8ge, 1971-1973 \u00e0 La Louvi\u00e8re) \u00a0<strong>et Philippe Mardaga <\/strong>(1965-1968 puis 1969-1970 \u00e0 Li\u00e8ge, 1970-1972 \u00e0 La Louvi\u00e8re) \u00a0\u00a0conna\u00eetront \u00e9galement les deux clubs.<\/p>\n<p><strong>Michel Wintacq <\/strong>(Raal de 1974 \u00e0 1979, RFCL de 1979 \u00e0 1983) sera sans nul doute le plus grand talent ayant port\u00e9 les vareuses des deux Clubs.\u00a0 Excellent back gauche, Michel partira pour le voisin de Sclessin, emport\u00e9 dans le tourbillon de l\u2019affaire Waterschei, puis passera par le RJ Wavre, l\u2019US Centre pour finir par de petits clubs de sa r\u00e9gion.<\/p>\n<p><strong>Ann\u00e9es 80<\/strong>\u00a0: <strong>Patrick Gusbin<\/strong>\u00a0: le malchanceux Patrick passera plusieurs ann\u00e9es chez les jeunes au Tivoli avant de rallier Rocourt en 1984-1985 comme doublure de Pierre Drouguet, Ranko Stojic puis Jacky Munaron.\u00a0\u00a0 Sa carri\u00e8re s\u2019arr\u00eatera en mai 1990, des suites d\u2019un grave accident de circulation, comme Milo Baresa et Edhem Sljivo avant lui<\/p>\n<p><strong>Ian Hamilton, <\/strong>pr\u00e9cieux demi-d\u00e9fensif, arrivera de la Louvi\u00e8re \u00e0 l\u2019entame de la saison 1983-1984 pour remplacer un monument, Piet Kuypers, parti \u00e0 Winterslag.\u00a0\u00a0 L\u2019anglais passera deux saisons chez nous avant de retrouver l\u2019ambiance louvi\u00e8roise o\u00f9 il restera 5 saisons avant de migrer pour Binche.\u00a0 Ian vit toujours \u00e0 Haine St Paul et est scout pour un club anglais.<\/p>\n<p><strong>Ann\u00e9es 90<\/strong>\u00a0: <strong>Eric Depireux <\/strong>a pas mal bourlingu\u00e9\u00a0: Standard, Seraing, Tilleur, Charleroi, Raal (1994-1997) et enfin le RTFCL de 1997 \u00e0 2003.\u00a0 Il est aujourd\u2019hui agent de joueurs.<\/p>\n<p><strong>David Dellicour<\/strong> a jou\u00e9 deux saisons \u00e0 Li\u00e8ge avant de passer un an au Hainaut (1999-2000).\u00a0 Son fait le plus marquant, chez nous, est le but marqu\u00e9 contre le FC Bruges en Coupe de Belgique (victoire et qualification 3-2).<\/p>\n<p><strong>Christian Theissen<\/strong>\u00a0 entrecoupera ses passages au RFCL (1987-1995) et RTFCL (1999-2001) par une ann\u00e9e chez les Loups (1998-1999).<\/p>\n<p><strong>Rudy Moury<\/strong> terminera sa carri\u00e8re chez nous (2001-2002) apr\u00e8s avoir pass\u00e9 trois saisons \u00e0 la Raal.\u00a0 Le chevelu back gauche a longtemps \u00e9t\u00e9 \u00e9quipier de Dante Brogno, puis de Neba Malbasa chez les Z\u00e8bres.<\/p>\n<p><strong>Alain Bettagno<\/strong> jouera une saison au Tivoli (1999-2000) avant de nous rejoindre (2000-2001).<\/p>\n<p><strong>Luiz Washington<\/strong>, le Sammy Davis br\u00e9silien, passera une ann\u00e9e chez nous (1997-1998) puis rejoindra le Tivoli durant deux saisons, avant de retourner dans son Br\u00e9sil natal.<\/p>\n<p><strong>Manu Pirard<\/strong> (RTFCL 1997-1998, RAAL 1998-2000), excellent back droit, se fera remarquer par les \u00e9missaires anderlechtois et rejoindra les Mauves en 2001.<\/p>\n<p><strong>Rapha\u00ebl Keutiens<\/strong>, que le RTFCL \u00e9tait all\u00e9 chercher alors qu\u2019il jouait en r\u00e9serves \u00e0 Saint-Trond, passera un an chez nous (1997-1998) puis trois saisons (1998-2001) chez les Loups.<\/p>\n<p><strong>Dario Rappa, <\/strong>jeune du Standard, passera \u00e9galement dans les deux clubs (Raal 1996-1997, RFCL 2000-2001).<\/p>\n<p><strong>Ann\u00e9es 2000<\/strong>\u00a0<strong>: Jean-Fran\u00e7ois Lecomte<\/strong>\u00a0: \u00ab\u00a0Jeff\u00a0\u00bb jouera chez nous en pronvenance de Bas-Oha de 1989 \u00e0 1997.\u00a0\u00a0 Il rejoindra successivement Saint-Trond, Charleroi puis la Raal (2001-2003), avant de terminer sa carri\u00e8re active \u00e0 Verviers puis La Calamine.\u00a0 Il est aujourd\u2019hui entra\u00eeneur des gardiens de but de l\u2019\u00e9quipe f\u00e9minine d\u2019Anderlecht.<\/p>\n<p><strong>Beno\u00eet Thans<\/strong>\u00a0: l\u2019\u00e9l\u00e9gant gaucher arrive \u00e0 Rocourt d\u00e8s 1978, o\u00f9 il restera jusqu\u2019\u00e0 son d\u00e9part pour Lens en 1987-1988. Remplac\u00e9 par Danny Boffin, il reproposera ses services \u00e0 Rocourt, sans succ\u00e8s.\u00a0 Apr\u00e8s des passages par le Standard, l\u2019Antwerp et la Suisse, il retrouvera\u2026le RTFCL \u00e0 Tilleur de 1995 \u00e0 1997. Il passera ensuite par Westerlo et Beveren, avant de mettre un terme \u00e0 sa carri\u00e8re en 2002, lorsqu\u2019il joue au Tivoli, suite \u00e0 une grave blessure.<\/p>\n<p><strong>Nasser Daineche<\/strong>\u00a0: une demi-saison \u00e0 la Raal en 2005, quelques matches avec Li\u00e8ge en 2008, il ne laissera pas un souvenir imp\u00e9rissable.\u00a0 Seuls les amateurs de Walt Disney appr\u00e9ciaient quand il rentrait dans l\u2019ar\u00e8ne, Daineche\u2026<\/p>\n<p><strong>Serge Djamba-Shango<\/strong> (RAAL 2003-2004, RFCL 2007-2008 puis 2011-2013)\u00a0: l\u2019irr\u00e9gulier gaucher joue depuis plusieurs saisons au BX Brussels.<\/p>\n<p><strong>Baptiste Ulens<\/strong> (2008-2009 RFCL, 2016\u2026 RAAL)\u00a0: Ulens reste un homme dangereux du onze des Loups, apr\u00e8s un passage mitig\u00e9 en D1 (Courtrai).<\/p>\n<p><strong>Ann\u00e9es 2010<\/strong>\u00a0: <strong>Sel\u00e7uk Alageyik<\/strong>\u00a0: le courageux et un peu maladroit stopper turc a eu le malheur de tomber dans une \u00e9quipe \u00e0 la d\u00e9rive, coach\u00e9e par Nico Claesen, Serge Kimoni.\u00a0 Il avait port\u00e9 les couleurs de la Raal quatre ans auparavant.<\/p>\n<p>Un entra\u00eeneur est \u00e9galement pass\u00e9 par les deux clubs\u00a0: il s\u2019agit de <strong>Marc Grosjean<\/strong>\u00a0: d\u2019abord La Louvi\u00e8re (1998-2001) puis Li\u00e8ge (2001-2002), sous l\u2019\u00e8re du col\u00e9rique Michel Evrard.\u00a0 Cette ann\u00e9e-l\u00e0, le Club avait consomm\u00e9\u20266 entra\u00eeneurs.\u00a0 Claudy Dardenne, Neba Malbasa, le duo Dell\u2019Acquila et Cicarella, Matt Van Toorn et enfin Marc Grosjean.\u00a0 Une \u00e9poque fort heureusement r\u00e9volue.<\/p>\n<p>&nbsp;<\/p>\n","protected":false},"excerpt":{"rendered":"<p>Par Laurent PACOLET &nbsp; Sauf erreur ou omission, 21 joueurs ont port\u00e9 les vareuses li\u00e9geoise et louvi\u00e8roise.\u00a0 Bref, une histoire dense avec les Loups\u2026 Ann\u00e9es 60 et 70\u00a0:\u00a0 Orazio Schena\u00a0: le sympathique Italien d\u2019origine jouait en provinciale dans son club de Ressaix, quand il a \u00e9t\u00e9 invit\u00e9 \u00e0 passer un test\u2026\u00e0 Anderlecht.\u00a0 Le test est [&hellip;]<\/p>\n","protected":false},"author":9,"featured_media":10379,"comment_status":"closed","ping_status":"closed","sticky":false,"template":"","format":"standard","meta":{"iawp_total_views":25},"categories":[24],"tags":[],"_links":{"self":[{"href":"https:\/\/fcliege.be\/fr\/wp-json\/wp\/v2\/posts\/10377"}],"collection":[{"href":"https:\/\/fcliege.be\/fr\/wp-json\/wp\/v2\/posts"}],"about":[{"href":"https:\/\/fcliege.be\/fr\/wp-json\/wp\/v2\/types\/post"}],"author":[{"embeddable":true,"href":"https:\/\/fcliege.be\/fr\/wp-json\/wp\/v2\/users\/9"}],"replies":[{"embeddable":true,"href":"https:\/\/fcliege.be\/fr\/wp-json\/wp\/v2\/comments?post=10377"}],"version-history":[{"count":4,"href":"https:\/\/fcliege.be\/fr\/wp-json\/wp\/v2\/posts\/10377\/revisions"}],"predecessor-version":[{"id":10391,"href":"https:\/\/fcliege.be\/fr\/wp-json\/wp\/v2\/posts\/10377\/revisions\/10391"}],"wp:featuredmedia":[{"embeddable":true,"href":"https:\/\/fcliege.be\/fr\/wp-json\/wp\/v2\/media\/10379"}],"wp:attachment":[{"href":"https:\/\/fcliege.be\/fr\/wp-json\/wp\/v2\/media?parent=10377"}],"wp:term":[{"taxonomy":"category","embeddable":true,"href":"https:\/\/fcliege.be\/fr\/wp-json\/wp\/v2\/categories?post=10377"},{"taxonomy":"post_tag","embeddable":true,"href":"https:\/\/fcliege.be\/fr\/wp-json\/wp\/v2\/tags?post=10377"}],"curies":[{"name":"wp","href":"https:\/\/api.w.org\/{rel}","templated":true}]}}