{"id":10513,"date":"2018-01-11T12:14:57","date_gmt":"2018-01-11T11:14:57","guid":{"rendered":"http:\/\/fcliege.be\/fr\/?p=10513"},"modified":"2018-01-11T12:15:52","modified_gmt":"2018-01-11T11:15:52","slug":"tous-ensemble-pour-eric-et-robert","status":"publish","type":"post","link":"https:\/\/fcliege.be\/fr\/tous-ensemble-pour-eric-et-robert\/","title":{"rendered":"Tous ensemble pour Eric et Robert !"},"content":{"rendered":"<p>&nbsp;<\/p>\n<p>Apr\u00e8s l\u2019encourageant succ\u00e8s forg\u00e9 \u00e0 Meux par nos Sang et Marine le week-end dernier, notre club a \u00e9t\u00e9 frapp\u00e9 de plein fouet par le d\u00e9c\u00e8s de Guy Vandebon, papa de notre cher capitaine. Cette terrible nouvelle est survenue quelques jours \u00e0 peine apr\u00e8s l\u2019embolie pulmonaire subie par un autre grand serviteur du matricule 4, notre entra\u00eeneur-adjoint Robert Coutereels.<br \/>\nPlus que jamais, le moment est venu d\u2019unir nos forces pour faire face \u00e0 l\u2019adversit\u00e9.<\/p>\n<p>C\u2019est dans cet \u00e9tat d\u2019esprit que nous accueillons ce dimanche nos voisins sprimontois, pour entamer cette cuv\u00e9e 2018 \u00e0 domicile.<br \/>\nUne rencontre qu\u2019il faudra aborder avec toute la d\u00e9termination voulue. Avec foi et conviction.<\/p>\n<p>Car il serait inopportun de se fier au classement g\u00e9n\u00e9ral et \u00e0 la 14<sup>\u00e8me<\/sup>\u00a0place occup\u00e9e actuellement par nos futurs adversaires pour s\u2019imaginer que le r\u00e9sultat de cette joute est cousu de fil\u2026rouge et bleu.<br \/>\nComme il serait trop ais\u00e9 de se baser sur notre succ\u00e8s conquis au Tultay (0-2 le 9 septembre dernier) pour aborder ce match avec une coupable d\u00e9sinvolture.<\/p>\n<p>Rappelons-nous plut\u00f4t que les Carriers \u00e9taient venus nous gifler \u00e0 Rocourt le 3 avril 2016 (0-4\u00a0!) pour rester vigilants et concentr\u00e9s.<br \/>\nRappelons-nous \u00e9galement que nous ne sommes qu\u2019\u00e0 la mi-championnat et qu\u2019il reste 39 points \u00e0 distribuer. 39 points \u00e0 conqu\u00e9rir\u00a0<em>\u00ab\u00a0sans jamais rien l\u00e2cher, pour l\u2019amour du maillot.\u00a0\u00bb<\/em><\/p>\n<p>Soyons valeureux, tous ensemble\u00a0! Pour ne rien regretter au moment du d\u00e9compte final. Pour Eric et Robert. Avec \u00e9galement une pens\u00e9e pour Charly Marcotty, l\u2019un de nos plus fid\u00e8les supporters, qui doit lui aussi faire face \u00e0 des soucis de sant\u00e9 pour le moment.<\/p>\n<p>Notre noyau A poursuit la pr\u00e9paration de cette rencontre, avec un nouvel entra\u00eenement pr\u00e9vu ce jeudi soir et une ultime s\u00e9ance samedi matin.<\/p>\n<p>A dimanche \u00e0 Rocourt, en rouge et bleu\u00a0!<\/p>\n<p>&nbsp;<\/p>\n<p>&nbsp;<\/p>\n<p>Cr\u00e9dit photo : Micka\u00ebl Marquet.<\/p>\n","protected":false},"excerpt":{"rendered":"<p>&nbsp; Apr\u00e8s l\u2019encourageant succ\u00e8s forg\u00e9 \u00e0 Meux par nos Sang et Marine le week-end dernier, notre club a \u00e9t\u00e9 frapp\u00e9 de plein fouet par le d\u00e9c\u00e8s de Guy Vandebon, papa de notre cher capitaine. Cette terrible nouvelle est survenue quelques jours \u00e0 peine apr\u00e8s l\u2019embolie pulmonaire subie par un autre grand serviteur du matricule 4, [&hellip;]<\/p>\n","protected":false},"author":5,"featured_media":10514,"comment_status":"closed","ping_status":"closed","sticky":false,"template":"","format":"standard","meta":{"iawp_total_views":0},"categories":[24],"tags":[],"_links":{"self":[{"href":"https:\/\/fcliege.be\/fr\/wp-json\/wp\/v2\/posts\/10513"}],"collection":[{"href":"https:\/\/fcliege.be\/fr\/wp-json\/wp\/v2\/posts"}],"about":[{"href":"https:\/\/fcliege.be\/fr\/wp-json\/wp\/v2\/types\/post"}],"author":[{"embeddable":true,"href":"https:\/\/fcliege.be\/fr\/wp-json\/wp\/v2\/users\/5"}],"replies":[{"embeddable":true,"href":"https:\/\/fcliege.be\/fr\/wp-json\/wp\/v2\/comments?post=10513"}],"version-history":[{"count":3,"href":"https:\/\/fcliege.be\/fr\/wp-json\/wp\/v2\/posts\/10513\/revisions"}],"predecessor-version":[{"id":10517,"href":"https:\/\/fcliege.be\/fr\/wp-json\/wp\/v2\/posts\/10513\/revisions\/10517"}],"wp:featuredmedia":[{"embeddable":true,"href":"https:\/\/fcliege.be\/fr\/wp-json\/wp\/v2\/media\/10514"}],"wp:attachment":[{"href":"https:\/\/fcliege.be\/fr\/wp-json\/wp\/v2\/media?parent=10513"}],"wp:term":[{"taxonomy":"category","embeddable":true,"href":"https:\/\/fcliege.be\/fr\/wp-json\/wp\/v2\/categories?post=10513"},{"taxonomy":"post_tag","embeddable":true,"href":"https:\/\/fcliege.be\/fr\/wp-json\/wp\/v2\/tags?post=10513"}],"curies":[{"name":"wp","href":"https:\/\/api.w.org\/{rel}","templated":true}]}}