{"id":10550,"date":"2018-01-14T21:45:27","date_gmt":"2018-01-14T20:45:27","guid":{"rendered":"http:\/\/fcliege.be\/fr\/?p=10550"},"modified":"2018-01-14T21:45:27","modified_gmt":"2018-01-14T20:45:27","slug":"alex-chantraine-un-grand-homme-au-paradis-rouge-et-bleu","status":"publish","type":"post","link":"https:\/\/fcliege.be\/fr\/alex-chantraine-un-grand-homme-au-paradis-rouge-et-bleu\/","title":{"rendered":"Alex Chantraine : un grand homme au paradis rouge et bleu&#8230;"},"content":{"rendered":"<p>C&rsquo;est avec une grande tristesse que nous avons appris le d\u00e9c\u00e8s de Monsieur Alex Chantraine.<\/p>\n<p>Il avait 87 ans et s&rsquo;est \u00e9teint ce samedi, dans sa r\u00e9sidence de Nandrin.<\/p>\n<p>Nous avions encore eu le grand honneur de le compter parmi nous lors de la soir\u00e9e de gala des 125 ans du club, en d\u00e9cembre dernier.<\/p>\n<p>N\u00e9 \u00e0 Li\u00e8ge le 22 d\u00e9cembre 1930, Alex Chantraine a connu un destin exceptionnel.<\/p>\n<p>Double champion de Belgique sous nos couleurs en 1951-1952 et 1952-1953, il faisait figure de dernier des Mohicans, en compagnie de Guy Delhasse. Il a port\u00e9 la vareuse de notre club \u00e0 179 reprises.<\/p>\n<p>Professeur de m\u00e9decine physique, il fut le premier en Europe \u00e0 pratiquer cette nouvelle sp\u00e9cialit\u00e9 m\u00e9dicale, qui fut \u00e0 l&rsquo;origine de la m\u00e9decine du sport. Apr\u00e8s sa carri\u00e8re de Professeur \u00e0 l&rsquo;Universit\u00e9 de Gen\u00e8ve, il honorait encore des consultations, il y a quelques ann\u00e9es, au CHU de Li\u00e8ge.<\/p>\n<p>Il \u00e9tait le fils de Joseph \u00ab\u00a0Alexis\u00a0\u00bb Chantraine, qui fut s\u00e9lectionn\u00e9 comme Diable Rouge pour la premi\u00e8re Coupe du Monde de l&rsquo;histoire, en 1930 en Uruguay. Son p\u00e8re fut administrateur du club et fondateur, avec Jean Loos, de l&rsquo;\u00e9cole des jeunes du matricule 4.<\/p>\n<p>Son parcours complet :<\/p>\n<p>RFC LIEGEOIS (4) 20.07.1941\/01.10.1959<\/p>\n<p id=\"yui_3_16_0_ym19_1_1515960377577_24740\">HAKOAH NEW YORK (USA) 1962\/1963<\/p>\n<p id=\"yui_3_16_0_ym19_1_1515960377577_24741\">BLUE STAR NEW YORK (USA) 1963\/1964<\/p>\n<p id=\"yui_3_16_0_ym19_1_1515960377577_24751\">CERCLE ATHLETIQUE DE PARIS (d&rsquo;o\u00f9 viendra le PSG) (France) 1964\/1965<\/p>\n<p id=\"yui_3_16_0_ym19_1_1515960377577_24752\">RFC LIEGEOIS (4) 05.06.1964\/30.06.1965<\/p>\n<p id=\"yui_3_16_0_ym19_1_1515960377577_24753\">R HERVE FC (32) 01.07.1965\/30.06.1966<\/p>\n<p id=\"yui_3_16_0_ym19_1_1515960377577_24754\">R BOMAL FC (3205) 01.07.1966\/12.06.1968<\/p>\n<p id=\"yui_3_16_0_ym19_1_1515960377577_24755\">\u00a0DARING CLUB COINTE (amateurs) 1968\/1974<\/p>\n<p id=\"yui_3_16_0_ym19_1_1515960377577_24756\">\u00a0RFC LIEGEOIS (4)\u00a006.04.1976\/26.02.1975<\/p>\n<p id=\"yui_3_16_0_ym19_1_1515960377577_24757\">\u00a0SERVETTE GENEVE (Suisse) 1975\/1997<\/p>\n<p id=\"yui_3_16_0_ym19_1_1515960377577_24758\">\u00a0(a toujours pratiqu\u00e9 le football jusqu&rsquo;\u00e0 67 ans (v\u00e9t\u00e9rans du\u00a0<span id=\"yui_3_16_0_ym19_1_1515960377577_24759\">SERVETTE GENEVE (Suisse)<\/span>)<\/p>\n<p>Dans son livre \u00ab\u00a0Les Traces de Rocourt\u00a0\u00bb, Laurent Pacolet n&rsquo;avait pas manqu\u00e9 de conter l&rsquo;histoire peu commune de ce grand Monsieur.<\/p>\n<p>Extraits :<\/p>\n<p><strong>Comment \u00eates-vous arriv\u00e9 au club ?<\/strong><\/p>\n<p><em>Tout naturellement, j&rsquo;ai suivi mon p\u00e8re Alexis&#8230;d\u00e8s que j&rsquo;ai su marcher. J&rsquo;ai commenc\u00e9 \u00e0 jouer en cadets, puis je suis arriv\u00e9 dans le noyau de l&rsquo;\u00e9quipe A fin de saison 1949-1950. J&rsquo;ai jou\u00e9 mes premiers matches la saison suivante. Je me souviens parfaitement bien de mon premier match : c&rsquo;\u00e9tait contre Berchem. Apr\u00e8s deux minutes, j&rsquo;ai marqu\u00e9 un but. Manque de chance, c&rsquo;\u00e9tait contre mon camp&#8230;<\/em><\/p>\n<p><em>J&rsquo;ai jou\u00e9 deux rencontres durant la saison 1951-1952 et ainsi pu participer \u00e0 la f\u00eate du titre. Quel souvenir ! Nous avons r\u00e9cidiv\u00e9 l&rsquo;ann\u00e9e suivante, durant laquelle j&rsquo;ai jou\u00e9 r\u00e9guli\u00e8rement, au half gauche, comme on disait \u00e0 l&rsquo;\u00e9poque.<\/em><\/p>\n<p><strong>Pourquoi \u00eates-vous parti de Rocourt ?<\/strong><\/p>\n<p><em>Nous sommes en 1959, je m&rsquo;en vais aux Etats-Unis pour \u00e9tudier et perfectionner mes \u00e9tudes de m\u00e9decine. J&rsquo;arrive \u00e0 Charleston, un bled sous-d\u00e9velopp\u00e9 (rires)? J&rsquo;y reste un an sans jouer, puis signe \u00e0 New-York, dans un club tr\u00e8s bien g\u00e9r\u00e9. A l&rsquo;\u00e9pique, je gagnais ma vie en \u00e9tant m\u00e9decin et footballeur. Je suis rest\u00e9 trois ans l\u00e0-bas : deux ans \u00e0 Hakoah NY, un an au Blue Star NY.<\/em><\/p>\n<p><strong>Et ensuite ?<\/strong><\/p>\n<p><em>Mes \u00e9tudes m&rsquo;ont conduit \u00e0 Paris, o\u00f9 j&rsquo;ai alors jou\u00e9 au CA Paris, dont le pr\u00e9sident avait partag\u00e9 le long voyage en bateau avec mon p\u00e8re, lors du d\u00e9part pour le Mondial 1930 en Uruguay. Je suis alors revenu quatre ans en Belgique. J&rsquo;ai \u00e9t\u00e9 nomm\u00e9 professeur en 1970, puis professeur \u00e0 Gen\u00e8ve en 1973. J&rsquo;ai continu\u00e9 \u00e0 jouer dans de petits clubs, jusqu&rsquo;\u00e0 Gen\u00e8ve, en v\u00e9t\u00e9rans. Aujourd&rsquo;hui, je suis r\u00e9sident suisse. On me demande encore parfois mon avis comme professeur et il m&rsquo;arrive d&rsquo;\u00e9crire l&rsquo;un ou l&rsquo;autre article.<\/em><\/p>\n<p>Il repose au Fun\u00e9rarium FORET, situ\u00e9 \u00e0 Sainte-Walburge (Montagne Sainte-Walburge, 325), o\u00f9 les visites se d\u00e9rouleront de 17 \u00e0 19h, \u00e0 partir de ce mardi 16 janvier.<\/p>\n<p>Ses fun\u00e9railles seront c\u00e9l\u00e9br\u00e9es le vendredi 19 janvier \u00e0 11h55 au Centre fun\u00e9raire de Robermont.<\/p>\n<p>La direction du RFC Li\u00e8ge tient \u00e0 pr\u00e9senter ses tr\u00e8s sinc\u00e8res condol\u00e9ances \u00e0 la famille et aux proches de Monsieur Alex Chantraine, un personnage qui aura marqu\u00e9 de son empreinte l&rsquo;histoire du club.<\/p>\n<p><a href=\"https:\/\/fcliege.be\/fr\/wp-content\/uploads\/2018\/01\/26909303_10215239759726719_868469278_o.jpg\"><img decoding=\"async\" loading=\"lazy\" class=\"aligncenter size-large wp-image-10551\" src=\"https:\/\/fcliege.be\/fr\/wp-content\/uploads\/2018\/01\/26909303_10215239759726719_868469278_o-682x1024.jpg\" alt=\"26909303_10215239759726719_868469278_o\" width=\"682\" height=\"1024\" srcset=\"https:\/\/fcliege.be\/fr\/wp-content\/uploads\/2018\/01\/26909303_10215239759726719_868469278_o-682x1024.jpg 682w, https:\/\/fcliege.be\/fr\/wp-content\/uploads\/2018\/01\/26909303_10215239759726719_868469278_o-199x300.jpg 199w\" sizes=\"(max-width: 682px) 100vw, 682px\" \/><\/a><\/p>\n<p>Photo de couverture : Monsieur Alex Chantraine (\u00e0 gauche) en compagnie de Fran\u00e7ois Pacolet, co-auteur du livre \u00ab\u00a0Les traces de Rocourt\u00a0\u00bb.<\/p>\n<p>&nbsp;<\/p>\n<p>Un grand merci \u00e0 Laurent Pacolet et \u00e0 l&rsquo;ASBL FOOT 100 (Monsieur Bruno Dubois) pour leur aide pr\u00e9cieuse.<\/p>\n","protected":false},"excerpt":{"rendered":"<p>C&rsquo;est avec une grande tristesse que nous avons appris le d\u00e9c\u00e8s de Monsieur Alex Chantraine. Il avait 87 ans et s&rsquo;est \u00e9teint ce samedi, dans sa r\u00e9sidence de Nandrin. Nous avions encore eu le grand honneur de le compter parmi nous lors de la soir\u00e9e de gala des 125 ans du club, en d\u00e9cembre dernier. [&hellip;]<\/p>\n","protected":false},"author":5,"featured_media":10552,"comment_status":"closed","ping_status":"closed","sticky":false,"template":"","format":"standard","meta":{"iawp_total_views":59},"categories":[24,35],"tags":[],"_links":{"self":[{"href":"https:\/\/fcliege.be\/fr\/wp-json\/wp\/v2\/posts\/10550"}],"collection":[{"href":"https:\/\/fcliege.be\/fr\/wp-json\/wp\/v2\/posts"}],"about":[{"href":"https:\/\/fcliege.be\/fr\/wp-json\/wp\/v2\/types\/post"}],"author":[{"embeddable":true,"href":"https:\/\/fcliege.be\/fr\/wp-json\/wp\/v2\/users\/5"}],"replies":[{"embeddable":true,"href":"https:\/\/fcliege.be\/fr\/wp-json\/wp\/v2\/comments?post=10550"}],"version-history":[{"count":2,"href":"https:\/\/fcliege.be\/fr\/wp-json\/wp\/v2\/posts\/10550\/revisions"}],"predecessor-version":[{"id":10554,"href":"https:\/\/fcliege.be\/fr\/wp-json\/wp\/v2\/posts\/10550\/revisions\/10554"}],"wp:featuredmedia":[{"embeddable":true,"href":"https:\/\/fcliege.be\/fr\/wp-json\/wp\/v2\/media\/10552"}],"wp:attachment":[{"href":"https:\/\/fcliege.be\/fr\/wp-json\/wp\/v2\/media?parent=10550"}],"wp:term":[{"taxonomy":"category","embeddable":true,"href":"https:\/\/fcliege.be\/fr\/wp-json\/wp\/v2\/categories?post=10550"},{"taxonomy":"post_tag","embeddable":true,"href":"https:\/\/fcliege.be\/fr\/wp-json\/wp\/v2\/tags?post=10550"}],"curies":[{"name":"wp","href":"https:\/\/api.w.org\/{rel}","templated":true}]}}