{"id":10600,"date":"2018-01-16T09:15:17","date_gmt":"2018-01-16T08:15:17","guid":{"rendered":"http:\/\/fcliege.be\/fr\/?p=10600"},"modified":"2018-01-16T09:15:17","modified_gmt":"2018-01-16T08:15:17","slug":"amical-au-standard-giargiana-a-repris","status":"publish","type":"post","link":"https:\/\/fcliege.be\/fr\/amical-au-standard-giargiana-a-repris\/","title":{"rendered":"Amical au Standard : Giargiana a repris"},"content":{"rendered":"<p>&nbsp;<\/p>\n<p>Ce lundi soir, une \u00e9quipe mixte, compos\u00e9e notamment des \u00e9l\u00e9ments du noyau A qui n&rsquo;avaient pas \u00e9t\u00e9 align\u00e9s contre Sprimont ou qui n&rsquo;avaient particip\u00e9 qu&rsquo;\u00e0 quelques minutes de ce match, a disput\u00e9 une rencontre amicale face aux Espoirs du Standard de Li\u00e8ge (renforc\u00e9s par quelques \u00e9l\u00e9ments du noyau A), dans les installations de l&rsquo;acad\u00e9mie Louis-Dreyfus.<\/p>\n<p>Notre \u00e9quipe s&rsquo;est inclin\u00e9e sur le score de 5-3, avec des buts de Mombongo, Kenne et Teruel pour nos couleurs.<\/p>\n<p>A cette occasion, Giargiana (en photo) a pu reprendre du temps de jeu et du rythme, apr\u00e8s sa blessure.<\/p>\n<p>Notre noyau A s&rsquo;entra\u00eenera \u00e0 deux reprises ce mercredi (13h30 et 18h00), ainsi que vendredi, \u00e0 18h00, afin de pr\u00e9parer la rencontre de samedi soir \u00e0 Ciney.<\/p>\n<p>&nbsp;<\/p>\n<p>&nbsp;<\/p>\n<p>&nbsp;<\/p>\n<p>Cr\u00e9dit photo : Thema.<\/p>\n<p>&nbsp;<\/p>\n","protected":false},"excerpt":{"rendered":"<p>&nbsp; Ce lundi soir, une \u00e9quipe mixte, compos\u00e9e notamment des \u00e9l\u00e9ments du noyau A qui n&rsquo;avaient pas \u00e9t\u00e9 align\u00e9s contre Sprimont ou qui n&rsquo;avaient particip\u00e9 qu&rsquo;\u00e0 quelques minutes de ce match, a disput\u00e9 une rencontre amicale face aux Espoirs du Standard de Li\u00e8ge (renforc\u00e9s par quelques \u00e9l\u00e9ments du noyau A), dans les installations de l&rsquo;acad\u00e9mie [&hellip;]<\/p>\n","protected":false},"author":5,"featured_media":10601,"comment_status":"closed","ping_status":"closed","sticky":false,"template":"","format":"standard","meta":{"iawp_total_views":0},"categories":[24,26],"tags":[],"_links":{"self":[{"href":"https:\/\/fcliege.be\/fr\/wp-json\/wp\/v2\/posts\/10600"}],"collection":[{"href":"https:\/\/fcliege.be\/fr\/wp-json\/wp\/v2\/posts"}],"about":[{"href":"https:\/\/fcliege.be\/fr\/wp-json\/wp\/v2\/types\/post"}],"author":[{"embeddable":true,"href":"https:\/\/fcliege.be\/fr\/wp-json\/wp\/v2\/users\/5"}],"replies":[{"embeddable":true,"href":"https:\/\/fcliege.be\/fr\/wp-json\/wp\/v2\/comments?post=10600"}],"version-history":[{"count":2,"href":"https:\/\/fcliege.be\/fr\/wp-json\/wp\/v2\/posts\/10600\/revisions"}],"predecessor-version":[{"id":10603,"href":"https:\/\/fcliege.be\/fr\/wp-json\/wp\/v2\/posts\/10600\/revisions\/10603"}],"wp:featuredmedia":[{"embeddable":true,"href":"https:\/\/fcliege.be\/fr\/wp-json\/wp\/v2\/media\/10601"}],"wp:attachment":[{"href":"https:\/\/fcliege.be\/fr\/wp-json\/wp\/v2\/media?parent=10600"}],"wp:term":[{"taxonomy":"category","embeddable":true,"href":"https:\/\/fcliege.be\/fr\/wp-json\/wp\/v2\/categories?post=10600"},{"taxonomy":"post_tag","embeddable":true,"href":"https:\/\/fcliege.be\/fr\/wp-json\/wp\/v2\/tags?post=10600"}],"curies":[{"name":"wp","href":"https:\/\/api.w.org\/{rel}","templated":true}]}}