{"id":10604,"date":"2018-01-16T21:41:41","date_gmt":"2018-01-16T20:41:41","guid":{"rendered":"http:\/\/fcliege.be\/fr\/?p=10604"},"modified":"2018-01-17T10:06:32","modified_gmt":"2018-01-17T09:06:32","slug":"merci-pour-votre-generosite","status":"publish","type":"post","link":"https:\/\/fcliege.be\/fr\/merci-pour-votre-generosite\/","title":{"rendered":"Merci pour votre g\u00e9n\u00e9rosit\u00e9 !"},"content":{"rendered":"<p>Pr\u00e9sents ce dimanche lors de la rencontre RFC Li\u00e8ge &#8211; Sprimont, les b\u00e9n\u00e9voles d&rsquo;<em>Autisme Li\u00e8ge<\/em> ont sensibilis\u00e9 nos supporters \u00e0 ce handicap gr\u00e2ce \u00e0 une op\u00e9ration men\u00e9e en collaboration avec notre partenaire commun, VOO.<\/p>\n<p>Ravis de l&rsquo;accueil que nos supporters leur ont r\u00e9serv\u00e9, les repr\u00e9sentants de cette asbl ont tenu \u00e0 les\u00a0remercier par le biais du message ci-dessous.<\/p>\n<p><em>\u00ab\u00a0Merci aux RFC LIEGEOIS et \u00e0 ses extraordinaires supporters\u00a0!<\/em><\/p>\n<p><em>Gr\u00e2ce \u00e0 vous, Autisme Li\u00e8ge a gagn\u00e9 son premier match de foot\u00a0!<\/em><\/p>\n<p><em>Apr\u00e8s le basket et le karat\u00e9, l\u2019\u00e9quipe des b\u00e9n\u00e9voles d\u2019Autisme Li\u00e8ge \u00e9tait ce dimanche 14 janvier l\u2019invit\u00e9 du RFCL lors du match contre Sprimont. Nous esp\u00e9rons vous avoir port\u00e9 chance avec votre victoire, car avec votre accueil et ce soleil radieux notre op\u00e9ration fut aussi un succ\u00e8s.<\/em><\/p>\n<p><em>Merci pour votre enthousiasme et votre g\u00e9n\u00e9rosit\u00e9. Merci \u00e0 Voo, aux dirigeants, aux stewards et aux joueurs pour ce beau moment. Merci aussi aux fans du RFCL pour l\u2019extr\u00eame gentillesse envers nos b\u00e9n\u00e9voles.\u00a0 On voudra retenir une phrase d\u2019un de vos supporters\u00a0 \u00ab\u00a0Madame, ici nous sommes un club\u00a0!\u00a0\u00bb. On l\u2019a vu. Bravo\u00a0!!! \u00ab\u00a0<\/em><\/p>\n<p>Le club se joint \u00e0 Autisme Li\u00e8ge pour vous remercier pour votre g\u00e9n\u00e9rosit\u00e9.<\/p>\n\n\t\t<style type=\"text\/css\">\n\t\t\t#gallery-1 {\n\t\t\t\tmargin: auto;\n\t\t\t}\n\t\t\t#gallery-1 .gallery-item {\n\t\t\t\tfloat: left;\n\t\t\t\tmargin-top: 10px;\n\t\t\t\ttext-align: center;\n\t\t\t\twidth: 33%;\n\t\t\t}\n\t\t\t#gallery-1 img {\n\t\t\t\tborder: 2px solid #cfcfcf;\n\t\t\t}\n\t\t\t#gallery-1 .gallery-caption {\n\t\t\t\tmargin-left: 0;\n\t\t\t}\n\t\t\t\/* see gallery_shortcode() in wp-includes\/media.php *\/\n\t\t<\/style>\n\t\t<div data-carousel-extra='{\"blog_id\":1,\"permalink\":\"https:\\\/\\\/fcliege.be\\\/fr\\\/merci-pour-votre-generosite\\\/\",\"likes_blog_id\":false}' id='gallery-1' class='gallery galleryid-10604 gallery-columns-3 gallery-size-thumbnail'><dl class='gallery-item'>\n\t\t\t<dt class='gallery-icon landscape'>\n\t\t\t\t<a href='https:\/\/fcliege.be\/fr\/merci-pour-votre-generosite\/dsc04819\/'><img width=\"150\" height=\"150\" src=\"https:\/\/fcliege.be\/fr\/wp-content\/uploads\/2018\/01\/DSC04819-150x150.jpg\" class=\"attachment-thumbnail size-thumbnail\" alt=\"\" decoding=\"async\" loading=\"lazy\" data-attachment-id=\"10621\" data-orig-file=\"https:\/\/fcliege.be\/fr\/wp-content\/uploads\/2018\/01\/DSC04819.jpg\" data-orig-size=\"5184,3888\" data-comments-opened=\"0\" data-image-meta=\"{&quot;aperture&quot;:&quot;3.5&quot;,&quot;credit&quot;:&quot;&quot;,&quot;camera&quot;:&quot;DSC-HX60&quot;,&quot;caption&quot;:&quot;&quot;,&quot;created_timestamp&quot;:&quot;1515957365&quot;,&quot;copyright&quot;:&quot;&quot;,&quot;focal_length&quot;:&quot;4.3&quot;,&quot;iso&quot;:&quot;3200&quot;,&quot;shutter_speed&quot;:&quot;0.016666666666667&quot;,&quot;title&quot;:&quot;&quot;,&quot;orientation&quot;:&quot;1&quot;}\" data-image-title=\"DSC04819\" data-image-description=\"\" data-medium-file=\"https:\/\/fcliege.be\/fr\/wp-content\/uploads\/2018\/01\/DSC04819-300x225.jpg\" data-large-file=\"https:\/\/fcliege.be\/fr\/wp-content\/uploads\/2018\/01\/DSC04819-1024x768.jpg\" \/><\/a>\n\t\t\t<\/dt><\/dl><dl class='gallery-item'>\n\t\t\t<dt class='gallery-icon landscape'>\n\t\t\t\t<a href='https:\/\/fcliege.be\/fr\/merci-pour-votre-generosite\/dsc04821\/'><img width=\"150\" height=\"150\" src=\"https:\/\/fcliege.be\/fr\/wp-content\/uploads\/2018\/01\/DSC04821-150x150.jpg\" class=\"attachment-thumbnail size-thumbnail\" alt=\"\" decoding=\"async\" loading=\"lazy\" data-attachment-id=\"10609\" data-orig-file=\"https:\/\/fcliege.be\/fr\/wp-content\/uploads\/2018\/01\/DSC04821.jpg\" data-orig-size=\"5184,3888\" data-comments-opened=\"0\" data-image-meta=\"{&quot;aperture&quot;:&quot;3.5&quot;,&quot;credit&quot;:&quot;&quot;,&quot;camera&quot;:&quot;DSC-HX60&quot;,&quot;caption&quot;:&quot;&quot;,&quot;created_timestamp&quot;:&quot;1515957444&quot;,&quot;copyright&quot;:&quot;&quot;,&quot;focal_length&quot;:&quot;4.3&quot;,&quot;iso&quot;:&quot;2500&quot;,&quot;shutter_speed&quot;:&quot;0.016666666666667&quot;,&quot;title&quot;:&quot;&quot;,&quot;orientation&quot;:&quot;1&quot;}\" data-image-title=\"DSC04821\" data-image-description=\"\" data-medium-file=\"https:\/\/fcliege.be\/fr\/wp-content\/uploads\/2018\/01\/DSC04821-300x225.jpg\" data-large-file=\"https:\/\/fcliege.be\/fr\/wp-content\/uploads\/2018\/01\/DSC04821-1024x768.jpg\" \/><\/a>\n\t\t\t<\/dt><\/dl><dl class='gallery-item'>\n\t\t\t<dt class='gallery-icon landscape'>\n\t\t\t\t<a href='https:\/\/fcliege.be\/fr\/merci-pour-votre-generosite\/dsc04810\/'><img width=\"150\" height=\"150\" src=\"https:\/\/fcliege.be\/fr\/wp-content\/uploads\/2018\/01\/DSC04810-150x150.jpg\" class=\"attachment-thumbnail size-thumbnail\" alt=\"\" decoding=\"async\" loading=\"lazy\" data-attachment-id=\"10608\" data-orig-file=\"https:\/\/fcliege.be\/fr\/wp-content\/uploads\/2018\/01\/DSC04810.jpg\" data-orig-size=\"5184,3888\" data-comments-opened=\"0\" data-image-meta=\"{&quot;aperture&quot;:&quot;3.5&quot;,&quot;credit&quot;:&quot;&quot;,&quot;camera&quot;:&quot;DSC-HX60&quot;,&quot;caption&quot;:&quot;&quot;,&quot;created_timestamp&quot;:&quot;1515954407&quot;,&quot;copyright&quot;:&quot;&quot;,&quot;focal_length&quot;:&quot;4.3&quot;,&quot;iso&quot;:&quot;3200&quot;,&quot;shutter_speed&quot;:&quot;0.025&quot;,&quot;title&quot;:&quot;&quot;,&quot;orientation&quot;:&quot;1&quot;}\" data-image-title=\"DSC04810\" data-image-description=\"\" data-medium-file=\"https:\/\/fcliege.be\/fr\/wp-content\/uploads\/2018\/01\/DSC04810-300x225.jpg\" data-large-file=\"https:\/\/fcliege.be\/fr\/wp-content\/uploads\/2018\/01\/DSC04810-1024x768.jpg\" \/><\/a>\n\t\t\t<\/dt><\/dl><br style=\"clear: both\" \/><dl class='gallery-item'>\n\t\t\t<dt class='gallery-icon landscape'>\n\t\t\t\t<a href='https:\/\/fcliege.be\/fr\/merci-pour-votre-generosite\/dsc04805\/'><img width=\"150\" height=\"150\" src=\"https:\/\/fcliege.be\/fr\/wp-content\/uploads\/2018\/01\/DSC04805-150x150.jpg\" class=\"attachment-thumbnail size-thumbnail\" alt=\"\" decoding=\"async\" loading=\"lazy\" data-attachment-id=\"10607\" data-orig-file=\"https:\/\/fcliege.be\/fr\/wp-content\/uploads\/2018\/01\/DSC04805.jpg\" data-orig-size=\"5184,3888\" data-comments-opened=\"0\" data-image-meta=\"{&quot;aperture&quot;:&quot;3.5&quot;,&quot;credit&quot;:&quot;&quot;,&quot;camera&quot;:&quot;DSC-HX60&quot;,&quot;caption&quot;:&quot;&quot;,&quot;created_timestamp&quot;:&quot;1515953350&quot;,&quot;copyright&quot;:&quot;&quot;,&quot;focal_length&quot;:&quot;4.3&quot;,&quot;iso&quot;:&quot;400&quot;,&quot;shutter_speed&quot;:&quot;0.02&quot;,&quot;title&quot;:&quot;&quot;,&quot;orientation&quot;:&quot;1&quot;}\" data-image-title=\"DSC04805\" data-image-description=\"\" data-medium-file=\"https:\/\/fcliege.be\/fr\/wp-content\/uploads\/2018\/01\/DSC04805-300x225.jpg\" data-large-file=\"https:\/\/fcliege.be\/fr\/wp-content\/uploads\/2018\/01\/DSC04805-1024x768.jpg\" \/><\/a>\n\t\t\t<\/dt><\/dl>\n\t\t\t<br style='clear: both' \/>\n\t\t<\/div>\n\n<p>&nbsp;<\/p>\n","protected":false},"excerpt":{"rendered":"<p>Pr\u00e9sents ce dimanche lors de la rencontre RFC Li\u00e8ge &#8211; Sprimont, les b\u00e9n\u00e9voles d&rsquo;Autisme Li\u00e8ge ont sensibilis\u00e9 nos supporters \u00e0 ce handicap gr\u00e2ce \u00e0 une op\u00e9ration men\u00e9e en collaboration avec notre partenaire commun, VOO. Ravis de l&rsquo;accueil que nos supporters leur ont r\u00e9serv\u00e9, les repr\u00e9sentants de cette asbl ont tenu \u00e0 les\u00a0remercier par le biais [&hellip;]<\/p>\n","protected":false},"author":9,"featured_media":10610,"comment_status":"closed","ping_status":"closed","sticky":false,"template":"","format":"standard","meta":{"iawp_total_views":1},"categories":[30,24],"tags":[],"_links":{"self":[{"href":"https:\/\/fcliege.be\/fr\/wp-json\/wp\/v2\/posts\/10604"}],"collection":[{"href":"https:\/\/fcliege.be\/fr\/wp-json\/wp\/v2\/posts"}],"about":[{"href":"https:\/\/fcliege.be\/fr\/wp-json\/wp\/v2\/types\/post"}],"author":[{"embeddable":true,"href":"https:\/\/fcliege.be\/fr\/wp-json\/wp\/v2\/users\/9"}],"replies":[{"embeddable":true,"href":"https:\/\/fcliege.be\/fr\/wp-json\/wp\/v2\/comments?post=10604"}],"version-history":[{"count":5,"href":"https:\/\/fcliege.be\/fr\/wp-json\/wp\/v2\/posts\/10604\/revisions"}],"predecessor-version":[{"id":10623,"href":"https:\/\/fcliege.be\/fr\/wp-json\/wp\/v2\/posts\/10604\/revisions\/10623"}],"wp:featuredmedia":[{"embeddable":true,"href":"https:\/\/fcliege.be\/fr\/wp-json\/wp\/v2\/media\/10610"}],"wp:attachment":[{"href":"https:\/\/fcliege.be\/fr\/wp-json\/wp\/v2\/media?parent=10604"}],"wp:term":[{"taxonomy":"category","embeddable":true,"href":"https:\/\/fcliege.be\/fr\/wp-json\/wp\/v2\/categories?post=10604"},{"taxonomy":"post_tag","embeddable":true,"href":"https:\/\/fcliege.be\/fr\/wp-json\/wp\/v2\/tags?post=10604"}],"curies":[{"name":"wp","href":"https:\/\/api.w.org\/{rel}","templated":true}]}}