{"id":10729,"date":"2018-01-26T15:14:34","date_gmt":"2018-01-26T14:14:34","guid":{"rendered":"http:\/\/fcliege.be\/fr\/?p=10729"},"modified":"2018-01-26T15:16:34","modified_gmt":"2018-01-26T14:16:34","slug":"rencontre-rwdm-rfc-liege-la-sanction-est-tombee","status":"publish","type":"post","link":"https:\/\/fcliege.be\/fr\/rencontre-rwdm-rfc-liege-la-sanction-est-tombee\/","title":{"rendered":"Rencontre RWDM-RFC Li\u00e8ge : la sanction est tomb\u00e9e"},"content":{"rendered":"<div id=\"yui_3_16_0_ym19_1_1516891978635_3457\" class=\"\" dir=\"ltr\">\n<div id=\"yui_3_16_0_ym19_1_1516891978635_3457\" class=\"\" dir=\"ltr\">\n<h4>A la suite des incidents regrettables\u00a0qui ont \u00e9maill\u00e9 la rencontre de championnat RWDM &#8211; RFC Li\u00e8ge du 16 d\u00e9cembre dernier, notre club \u00e9tait convoqu\u00e9 ce mercredi soir par le comit\u00e9 sportif de l\u2019ACFF.<\/h4>\n<p>Accompagn\u00e9s de notre conseil &#8211; Ma\u00eetre Ernes &#8211; notre CQ, notre capitaine et notre d\u00e9l\u00e9gu\u00e9 de l\u2019\u00e9quipe premi\u00e8re se sont pr\u00e9sent\u00e9s devant ce comit\u00e9 afin d\u2019y exposer leur vision des faits.<\/p>\n<p>Apr\u00e8s avoir entendu les deux parties, le comit\u00e9 sportif a pris la d\u00e9cision de nous infliger une amende de 500 euros, dont 200 euros avec sursis.<\/p>\n<p>Les efforts entrepris par le club pour normaliser le comportement des supporters plus turbulents (dialogue, r\u00e9union avec la police, soutien au club de boxe, etc) ont certainement eu un impact favorable sur ce verdict.<\/p>\n<p>Quant au remboursement des d\u00e9g\u00e2ts occasionn\u00e9s aux infrastructures lors de cette rencontre, ils devront faire l\u2019objet d\u2019une discussion distincte.<\/p>\n<p>Il va de soi que, m\u00eame si nous nous sommes d\u00e9fendu avec bec et ongles pour limiter les d\u00e9g\u00e2ts financiers pour le club, nous esp\u00e9rons fermement que de tels faits ne se reproduiront plus \u00e0 l&rsquo;avenir, tant pour la s\u00e9curit\u00e9 des supporters pr\u00e9sents dans les stades que pour l&rsquo;image de l&rsquo;ensemble du club et les d\u00e9penses que ces d\u00e9bordements occasionnent.<\/p>\n<p>Par ce communiqu\u00e9, nous tenons, m\u00eame si le club et l&rsquo;immense majorit\u00e9 de ses supporters n&rsquo;en portent pas la responsabilit\u00e9, \u00e0 r\u00e9it\u00e9rer nos excuses pour les d\u00e9sagr\u00e9ments subis suite \u00e0 ces incidents.<\/p>\n<\/div>\n<\/div>\n","protected":false},"excerpt":{"rendered":"<p>A la suite des incidents regrettables\u00a0qui ont \u00e9maill\u00e9 la rencontre de championnat RWDM &#8211; RFC Li\u00e8ge du 16 d\u00e9cembre dernier, notre club \u00e9tait convoqu\u00e9 ce mercredi soir par le comit\u00e9 sportif de l\u2019ACFF. Accompagn\u00e9s de notre conseil &#8211; Ma\u00eetre Ernes &#8211; notre CQ, notre capitaine et notre d\u00e9l\u00e9gu\u00e9 de l\u2019\u00e9quipe premi\u00e8re se sont pr\u00e9sent\u00e9s devant [&hellip;]<\/p>\n","protected":false},"author":9,"featured_media":0,"comment_status":"closed","ping_status":"closed","sticky":false,"template":"","format":"standard","meta":{"iawp_total_views":0},"categories":[1],"tags":[],"_links":{"self":[{"href":"https:\/\/fcliege.be\/fr\/wp-json\/wp\/v2\/posts\/10729"}],"collection":[{"href":"https:\/\/fcliege.be\/fr\/wp-json\/wp\/v2\/posts"}],"about":[{"href":"https:\/\/fcliege.be\/fr\/wp-json\/wp\/v2\/types\/post"}],"author":[{"embeddable":true,"href":"https:\/\/fcliege.be\/fr\/wp-json\/wp\/v2\/users\/9"}],"replies":[{"embeddable":true,"href":"https:\/\/fcliege.be\/fr\/wp-json\/wp\/v2\/comments?post=10729"}],"version-history":[{"count":4,"href":"https:\/\/fcliege.be\/fr\/wp-json\/wp\/v2\/posts\/10729\/revisions"}],"predecessor-version":[{"id":10733,"href":"https:\/\/fcliege.be\/fr\/wp-json\/wp\/v2\/posts\/10729\/revisions\/10733"}],"wp:attachment":[{"href":"https:\/\/fcliege.be\/fr\/wp-json\/wp\/v2\/media?parent=10729"}],"wp:term":[{"taxonomy":"category","embeddable":true,"href":"https:\/\/fcliege.be\/fr\/wp-json\/wp\/v2\/categories?post=10729"},{"taxonomy":"post_tag","embeddable":true,"href":"https:\/\/fcliege.be\/fr\/wp-json\/wp\/v2\/tags?post=10729"}],"curies":[{"name":"wp","href":"https:\/\/api.w.org\/{rel}","templated":true}]}}