{"id":10756,"date":"2018-02-01T17:33:57","date_gmt":"2018-02-01T16:33:57","guid":{"rendered":"http:\/\/fcliege.be\/fr\/?p=10756"},"modified":"2018-02-01T17:35:02","modified_gmt":"2018-02-01T16:35:02","slug":"maxime-crahay-quitte-le-rfc-liege","status":"publish","type":"post","link":"https:\/\/fcliege.be\/fr\/maxime-crahay-quitte-le-rfc-liege\/","title":{"rendered":"Maxime Crahay quitte le RFC Li\u00e8ge"},"content":{"rendered":"<p>C\u2019est avec stup\u00e9faction que le Royal Football Club Li\u00e9geois vient d\u2019apprendre, le lendemain de l\u2019expiration de la p\u00e9riode des transferts, que son gardien, Maxime Crahay, s\u2019\u00e9tait engag\u00e9, in extremis, aupr\u00e8s d\u2019un club apparemment allemand.<\/p>\n<p>Le club d\u00e9plore au plus haut point cette d\u00e9sertion, et les circonstances dans laquelle elle intervient.<br \/>\nIl mettra tout en oeuvre pour faire valoir ses droits, tant sur le plan r\u00e8glementaire que sur le plan contractuel.<\/p>\n<p>Il continuera \u00e9galement son combat pour un football plus humain et plus propre, dans lequel les valeurs et la moralit\u00e9 trouveront pleinement leur place.<\/p>\n<p>&nbsp;<\/p>\n","protected":false},"excerpt":{"rendered":"<p>C\u2019est avec stup\u00e9faction que le Royal Football Club Li\u00e9geois vient d\u2019apprendre, le lendemain de l\u2019expiration de la p\u00e9riode des transferts, que son gardien, Maxime Crahay, s\u2019\u00e9tait engag\u00e9, in extremis, aupr\u00e8s d\u2019un club apparemment allemand. Le club d\u00e9plore au plus haut point cette d\u00e9sertion, et les circonstances dans laquelle elle intervient. Il mettra tout en oeuvre [&hellip;]<\/p>\n","protected":false},"author":9,"featured_media":10757,"comment_status":"closed","ping_status":"closed","sticky":false,"template":"","format":"standard","meta":{"iawp_total_views":7},"categories":[1,24],"tags":[],"_links":{"self":[{"href":"https:\/\/fcliege.be\/fr\/wp-json\/wp\/v2\/posts\/10756"}],"collection":[{"href":"https:\/\/fcliege.be\/fr\/wp-json\/wp\/v2\/posts"}],"about":[{"href":"https:\/\/fcliege.be\/fr\/wp-json\/wp\/v2\/types\/post"}],"author":[{"embeddable":true,"href":"https:\/\/fcliege.be\/fr\/wp-json\/wp\/v2\/users\/9"}],"replies":[{"embeddable":true,"href":"https:\/\/fcliege.be\/fr\/wp-json\/wp\/v2\/comments?post=10756"}],"version-history":[{"count":1,"href":"https:\/\/fcliege.be\/fr\/wp-json\/wp\/v2\/posts\/10756\/revisions"}],"predecessor-version":[{"id":10758,"href":"https:\/\/fcliege.be\/fr\/wp-json\/wp\/v2\/posts\/10756\/revisions\/10758"}],"wp:featuredmedia":[{"embeddable":true,"href":"https:\/\/fcliege.be\/fr\/wp-json\/wp\/v2\/media\/10757"}],"wp:attachment":[{"href":"https:\/\/fcliege.be\/fr\/wp-json\/wp\/v2\/media?parent=10756"}],"wp:term":[{"taxonomy":"category","embeddable":true,"href":"https:\/\/fcliege.be\/fr\/wp-json\/wp\/v2\/categories?post=10756"},{"taxonomy":"post_tag","embeddable":true,"href":"https:\/\/fcliege.be\/fr\/wp-json\/wp\/v2\/tags?post=10756"}],"curies":[{"name":"wp","href":"https:\/\/api.w.org\/{rel}","templated":true}]}}