{"id":10759,"date":"2018-02-05T10:37:17","date_gmt":"2018-02-05T09:37:17","guid":{"rendered":"http:\/\/fcliege.be\/fr\/?p=10759"},"modified":"2018-02-05T20:58:07","modified_gmt":"2018-02-05T19:58:07","slug":"franki-arena-sur-les-rails","status":"publish","type":"post","link":"https:\/\/fcliege.be\/fr\/franki-arena-sur-les-rails\/","title":{"rendered":"La  \u00ab\u00a0Franki Arena\u00a0\u00bb est sur les rails !"},"content":{"rendered":"<h5>C&rsquo;est en pr\u00e9sence du Ministre-Pr\u00e9sident de la R\u00e9gion Wallonne, Willy Borsus, du Bourgmestre de Li\u00e8ge, Willy Demeyer et du Ministre Jean-Claude Marcourt que le RFC Li\u00e8ge a sign\u00e9, ce dimanche, les conventions qui lancent officiellement la cr\u00e9ation du futur stade du RFC Li\u00e8ge, la Franki Arena.<\/h5>\n<div>\n<p>Pour notre\u00a0Pr\u00e9sident, Jean-Paul Lacomble, il s&rsquo;agit d&rsquo;un pas significatif, puisqu&rsquo;il signifie que le co\u00fbt est pr\u00e9cis\u00e9 et un partenaire de poids d\u00e9sign\u00e9, ce qui permettra de finaliser le plan financier. Certes, les travaux n&rsquo;ont pas \u00e9t\u00e9 lanc\u00e9s ce dimanche mais\u00a0la construction du stade se concr\u00e9tise de jour en jour.<\/p>\n<p>Au plus t\u00f4t, notre nouvelle enceinte sortira de terre pour la saison 2019-2020. D\u2019une capacit\u00e9 de 8000 places dans un premier temps, extensible \u00e0 11.000 si le besoin s\u2019en fait sentir, le nouvel \u00e9crin des Sang et Marine co\u00fbtera environ 11.000.000 d\u2019euros. Ce moment historique \u00e9tait attendu par le plus grand nombre et il t\u00e9moigne, si besoin en \u00e9tait encore, de la volont\u00e9 des dirigeants de rendre au matricule 4 son lustre d\u2019antan avec le s\u00e9rieux qui les caract\u00e9rise.<\/p>\n<p>La premi\u00e8re convention sign\u00e9e ce dimanche, dite \u00ab\u00a0Bouwteam\u00a0\u00bb, explique Jean-Paul Lacomble, \u00ab\u00a0signifie que nous collaborons sur le projet du stade au niveau de sa conception, de son chiffrage, du cahier des charges et de sa construction. La convention de partenariat officialise, quant \u00e0 elle, un accord pour un minimum\u00a0de 10 ans.\u00a0\u00bb Une collaboration o\u00f9 chacun apportera sa contribution et qui se mat\u00e9rialise notamment par le nom qui sera donn\u00e9 au stade, la Franki Arena.<\/p>\n<p>Fond\u00e9e en 1911, la soci\u00e9t\u00e9 Franki a travers\u00e9 les si\u00e8cles, contre vents et mar\u00e9es. D\u00e9j\u00e0 partenaire du club, Franki va devenir un des acteurs principaux de la croissance de Rocourt. Philippe Beaujean,\u00a0directeur g\u00e9n\u00e9ral de la soci\u00e9t\u00e9 li\u00e9geoise, a soulign\u00e9 l&rsquo;importance pour sa soci\u00e9t\u00e9 d&rsquo;apporter un soutien concret au milieu sportif et, plus pr\u00e9cis\u00e9ment, \u00e0 la formation des jeunes. C&rsquo;est notamment cette approche commune entre Franki et le RFC Li\u00e8ge ainsi que la vision \u00e0 longue \u00e9ch\u00e9ance des dirigeants du RFC Li\u00e8ge qui a motiv\u00e9 \u00e0 la soci\u00e9t\u00e9 \u00e0 s&rsquo;engager en tant que partenaire \u00e0 long terme.<\/p>\n<p>Apr\u00e8s cette signature officielle et jusqu&rsquo;en fin d&rsquo;apr\u00e8s-midi, les supporters ont pu acc\u00e9der au chapiteau pour y d\u00e9couvrir les repr\u00e9sentations de la Franki Arena, repr\u00e9sentations que vous pouvez d\u00e8s \u00e0 pr\u00e9sent retrouver\u00a0dans la galerie ci-dessous.<\/p>\n<p>Et alors\u00a0les joueurs arboraient le logo de la soci\u00e9t\u00e9 sur la jambe droite de leurs shorts, \u00e0\u00a0l&rsquo;entame de la rencontre, les haut-parleurs du stade avaient\u00a0d\u00e9j\u00e0 pris l\u2019habitude de le balancer aux oreilles d\u2019un public conquis\u00a0: \u00ab\u00a0Vas-y Franki, c\u2019est bon\u2026\u00a0\u00bb !<\/p>\n<p>Comme le rappelle notre pr\u00e9sident, \u00ab\u00a0nous avan\u00e7ons pas \u00e0 pas. Ce n&rsquo;est pas le premier pas, ni le dernier, mais c&rsquo;est un pas important&#8230;\u00a0\u00bb<\/p>\n<p>&nbsp;<\/p>\n\n\t\t<style type=\"text\/css\">\n\t\t\t#gallery-1 {\n\t\t\t\tmargin: auto;\n\t\t\t}\n\t\t\t#gallery-1 .gallery-item {\n\t\t\t\tfloat: left;\n\t\t\t\tmargin-top: 10px;\n\t\t\t\ttext-align: center;\n\t\t\t\twidth: 33%;\n\t\t\t}\n\t\t\t#gallery-1 img {\n\t\t\t\tborder: 2px solid #cfcfcf;\n\t\t\t}\n\t\t\t#gallery-1 .gallery-caption {\n\t\t\t\tmargin-left: 0;\n\t\t\t}\n\t\t\t\/* see gallery_shortcode() in wp-includes\/media.php *\/\n\t\t<\/style>\n\t\t<div data-carousel-extra='{\"blog_id\":1,\"permalink\":\"https:\\\/\\\/fcliege.be\\\/fr\\\/franki-arena-sur-les-rails\\\/\",\"likes_blog_id\":false}' id='gallery-1' class='gallery galleryid-10759 gallery-columns-3 gallery-size-thumbnail'><dl class='gallery-item'>\n\t\t\t<dt class='gallery-icon landscape'>\n\t\t\t\t<a href='https:\/\/fcliege.be\/fr\/170323-stade-rfcl-eap5-vue-7\/'><img width=\"150\" height=\"150\" src=\"https:\/\/fcliege.be\/fr\/wp-content\/uploads\/2018\/02\/170323-Stade-RFCL-EAP5-Vue-7-150x150.png\" class=\"attachment-thumbnail size-thumbnail\" alt=\"\" decoding=\"async\" loading=\"lazy\" data-attachment-id=\"10790\" data-orig-file=\"https:\/\/fcliege.be\/fr\/wp-content\/uploads\/2018\/02\/170323-Stade-RFCL-EAP5-Vue-7.png\" data-orig-size=\"3086,1646\" data-comments-opened=\"0\" data-image-meta=\"{&quot;aperture&quot;:&quot;0&quot;,&quot;credit&quot;:&quot;&quot;,&quot;camera&quot;:&quot;&quot;,&quot;caption&quot;:&quot;&quot;,&quot;created_timestamp&quot;:&quot;0&quot;,&quot;copyright&quot;:&quot;&quot;,&quot;focal_length&quot;:&quot;0&quot;,&quot;iso&quot;:&quot;0&quot;,&quot;shutter_speed&quot;:&quot;0&quot;,&quot;title&quot;:&quot;&quot;,&quot;orientation&quot;:&quot;0&quot;}\" data-image-title=\"170323&#8212;Stade-RFCL&#8212;EAP5&#8212;Vue-7\" data-image-description=\"\" data-medium-file=\"https:\/\/fcliege.be\/fr\/wp-content\/uploads\/2018\/02\/170323-Stade-RFCL-EAP5-Vue-7-300x160.png\" data-large-file=\"https:\/\/fcliege.be\/fr\/wp-content\/uploads\/2018\/02\/170323-Stade-RFCL-EAP5-Vue-7-1024x546.png\" \/><\/a>\n\t\t\t<\/dt><\/dl><dl class='gallery-item'>\n\t\t\t<dt class='gallery-icon landscape'>\n\t\t\t\t<a href='https:\/\/fcliege.be\/fr\/170323-stade-rfcl-eap5-vue-1\/'><img width=\"150\" height=\"150\" src=\"https:\/\/fcliege.be\/fr\/wp-content\/uploads\/2018\/02\/170323-Stade-RFCL-EAP5-Vue-1-150x150.png\" class=\"attachment-thumbnail size-thumbnail\" alt=\"\" decoding=\"async\" loading=\"lazy\" data-attachment-id=\"10784\" data-orig-file=\"https:\/\/fcliege.be\/fr\/wp-content\/uploads\/2018\/02\/170323-Stade-RFCL-EAP5-Vue-1.png\" data-orig-size=\"3710,1166\" data-comments-opened=\"0\" data-image-meta=\"{&quot;aperture&quot;:&quot;0&quot;,&quot;credit&quot;:&quot;&quot;,&quot;camera&quot;:&quot;&quot;,&quot;caption&quot;:&quot;&quot;,&quot;created_timestamp&quot;:&quot;0&quot;,&quot;copyright&quot;:&quot;&quot;,&quot;focal_length&quot;:&quot;0&quot;,&quot;iso&quot;:&quot;0&quot;,&quot;shutter_speed&quot;:&quot;0&quot;,&quot;title&quot;:&quot;&quot;,&quot;orientation&quot;:&quot;0&quot;}\" data-image-title=\"170323&#8212;Stade-RFCL&#8212;EAP5&#8212;Vue-1\" data-image-description=\"\" data-medium-file=\"https:\/\/fcliege.be\/fr\/wp-content\/uploads\/2018\/02\/170323-Stade-RFCL-EAP5-Vue-1-300x94.png\" data-large-file=\"https:\/\/fcliege.be\/fr\/wp-content\/uploads\/2018\/02\/170323-Stade-RFCL-EAP5-Vue-1-1024x321.png\" \/><\/a>\n\t\t\t<\/dt><\/dl><dl class='gallery-item'>\n\t\t\t<dt class='gallery-icon landscape'>\n\t\t\t\t<a href='https:\/\/fcliege.be\/fr\/170323-stade-rfcl-eap5-vue-2\/'><img width=\"150\" height=\"150\" src=\"https:\/\/fcliege.be\/fr\/wp-content\/uploads\/2018\/02\/170323-Stade-RFCL-EAP5-Vue-2-150x150.png\" class=\"attachment-thumbnail size-thumbnail\" alt=\"\" decoding=\"async\" loading=\"lazy\" data-attachment-id=\"10785\" data-orig-file=\"https:\/\/fcliege.be\/fr\/wp-content\/uploads\/2018\/02\/170323-Stade-RFCL-EAP5-Vue-2.png\" data-orig-size=\"3809,1516\" data-comments-opened=\"0\" data-image-meta=\"{&quot;aperture&quot;:&quot;0&quot;,&quot;credit&quot;:&quot;&quot;,&quot;camera&quot;:&quot;&quot;,&quot;caption&quot;:&quot;&quot;,&quot;created_timestamp&quot;:&quot;0&quot;,&quot;copyright&quot;:&quot;&quot;,&quot;focal_length&quot;:&quot;0&quot;,&quot;iso&quot;:&quot;0&quot;,&quot;shutter_speed&quot;:&quot;0&quot;,&quot;title&quot;:&quot;&quot;,&quot;orientation&quot;:&quot;0&quot;}\" data-image-title=\"170323&#8212;Stade-RFCL&#8212;EAP5&#8212;Vue-2\" data-image-description=\"\" data-medium-file=\"https:\/\/fcliege.be\/fr\/wp-content\/uploads\/2018\/02\/170323-Stade-RFCL-EAP5-Vue-2-300x119.png\" data-large-file=\"https:\/\/fcliege.be\/fr\/wp-content\/uploads\/2018\/02\/170323-Stade-RFCL-EAP5-Vue-2-1024x407.png\" \/><\/a>\n\t\t\t<\/dt><\/dl><br style=\"clear: both\" \/><dl class='gallery-item'>\n\t\t\t<dt class='gallery-icon landscape'>\n\t\t\t\t<a href='https:\/\/fcliege.be\/fr\/170323-stade-rfcl-eap5-vue-3\/'><img width=\"150\" height=\"150\" src=\"https:\/\/fcliege.be\/fr\/wp-content\/uploads\/2018\/02\/170323-Stade-RFCL-EAP5-Vue-3-150x150.png\" class=\"attachment-thumbnail size-thumbnail\" alt=\"\" decoding=\"async\" loading=\"lazy\" data-attachment-id=\"10786\" data-orig-file=\"https:\/\/fcliege.be\/fr\/wp-content\/uploads\/2018\/02\/170323-Stade-RFCL-EAP5-Vue-3.png\" data-orig-size=\"3689,1258\" data-comments-opened=\"0\" data-image-meta=\"{&quot;aperture&quot;:&quot;0&quot;,&quot;credit&quot;:&quot;&quot;,&quot;camera&quot;:&quot;&quot;,&quot;caption&quot;:&quot;&quot;,&quot;created_timestamp&quot;:&quot;0&quot;,&quot;copyright&quot;:&quot;&quot;,&quot;focal_length&quot;:&quot;0&quot;,&quot;iso&quot;:&quot;0&quot;,&quot;shutter_speed&quot;:&quot;0&quot;,&quot;title&quot;:&quot;&quot;,&quot;orientation&quot;:&quot;0&quot;}\" data-image-title=\"170323&#8212;Stade-RFCL&#8212;EAP5&#8212;Vue-3\" data-image-description=\"\" data-medium-file=\"https:\/\/fcliege.be\/fr\/wp-content\/uploads\/2018\/02\/170323-Stade-RFCL-EAP5-Vue-3-300x102.png\" data-large-file=\"https:\/\/fcliege.be\/fr\/wp-content\/uploads\/2018\/02\/170323-Stade-RFCL-EAP5-Vue-3-1024x349.png\" \/><\/a>\n\t\t\t<\/dt><\/dl><dl class='gallery-item'>\n\t\t\t<dt class='gallery-icon landscape'>\n\t\t\t\t<a href='https:\/\/fcliege.be\/fr\/170323-stade-rfcl-eap5-vue-6\/'><img width=\"150\" height=\"150\" src=\"https:\/\/fcliege.be\/fr\/wp-content\/uploads\/2018\/02\/170323-Stade-RFCL-EAP5-Vue-6-150x150.png\" class=\"attachment-thumbnail size-thumbnail\" alt=\"\" decoding=\"async\" loading=\"lazy\" data-attachment-id=\"10789\" data-orig-file=\"https:\/\/fcliege.be\/fr\/wp-content\/uploads\/2018\/02\/170323-Stade-RFCL-EAP5-Vue-6.png\" data-orig-size=\"3840,1695\" data-comments-opened=\"0\" data-image-meta=\"{&quot;aperture&quot;:&quot;0&quot;,&quot;credit&quot;:&quot;&quot;,&quot;camera&quot;:&quot;&quot;,&quot;caption&quot;:&quot;&quot;,&quot;created_timestamp&quot;:&quot;0&quot;,&quot;copyright&quot;:&quot;&quot;,&quot;focal_length&quot;:&quot;0&quot;,&quot;iso&quot;:&quot;0&quot;,&quot;shutter_speed&quot;:&quot;0&quot;,&quot;title&quot;:&quot;&quot;,&quot;orientation&quot;:&quot;0&quot;}\" data-image-title=\"170323&#8212;Stade-RFCL&#8212;EAP5&#8212;Vue-6\" data-image-description=\"\" data-medium-file=\"https:\/\/fcliege.be\/fr\/wp-content\/uploads\/2018\/02\/170323-Stade-RFCL-EAP5-Vue-6-300x132.png\" data-large-file=\"https:\/\/fcliege.be\/fr\/wp-content\/uploads\/2018\/02\/170323-Stade-RFCL-EAP5-Vue-6-1024x452.png\" \/><\/a>\n\t\t\t<\/dt><\/dl><dl class='gallery-item'>\n\t\t\t<dt class='gallery-icon landscape'>\n\t\t\t\t<a href='https:\/\/fcliege.be\/fr\/170323-stade-rfcl-eap5-vue-5\/'><img width=\"150\" height=\"150\" src=\"https:\/\/fcliege.be\/fr\/wp-content\/uploads\/2018\/02\/170323-Stade-RFCL-EAP5-Vue-5-150x150.png\" class=\"attachment-thumbnail size-thumbnail\" alt=\"\" decoding=\"async\" loading=\"lazy\" data-attachment-id=\"10788\" data-orig-file=\"https:\/\/fcliege.be\/fr\/wp-content\/uploads\/2018\/02\/170323-Stade-RFCL-EAP5-Vue-5.png\" data-orig-size=\"3840,1672\" data-comments-opened=\"0\" data-image-meta=\"{&quot;aperture&quot;:&quot;0&quot;,&quot;credit&quot;:&quot;&quot;,&quot;camera&quot;:&quot;&quot;,&quot;caption&quot;:&quot;&quot;,&quot;created_timestamp&quot;:&quot;0&quot;,&quot;copyright&quot;:&quot;&quot;,&quot;focal_length&quot;:&quot;0&quot;,&quot;iso&quot;:&quot;0&quot;,&quot;shutter_speed&quot;:&quot;0&quot;,&quot;title&quot;:&quot;&quot;,&quot;orientation&quot;:&quot;0&quot;}\" data-image-title=\"170323&#8212;Stade-RFCL&#8212;EAP5&#8212;Vue-5\" data-image-description=\"\" data-medium-file=\"https:\/\/fcliege.be\/fr\/wp-content\/uploads\/2018\/02\/170323-Stade-RFCL-EAP5-Vue-5-300x130.png\" data-large-file=\"https:\/\/fcliege.be\/fr\/wp-content\/uploads\/2018\/02\/170323-Stade-RFCL-EAP5-Vue-5-1024x445.png\" \/><\/a>\n\t\t\t<\/dt><\/dl><br style=\"clear: both\" \/><dl class='gallery-item'>\n\t\t\t<dt class='gallery-icon landscape'>\n\t\t\t\t<a href='https:\/\/fcliege.be\/fr\/170323-stade-rfcl-eap5-vue-4\/'><img width=\"150\" height=\"150\" src=\"https:\/\/fcliege.be\/fr\/wp-content\/uploads\/2018\/02\/170323-Stade-RFCL-EAP5-Vue-4-150x150.png\" class=\"attachment-thumbnail size-thumbnail\" alt=\"\" decoding=\"async\" loading=\"lazy\" data-attachment-id=\"10787\" data-orig-file=\"https:\/\/fcliege.be\/fr\/wp-content\/uploads\/2018\/02\/170323-Stade-RFCL-EAP5-Vue-4.png\" data-orig-size=\"3840,1133\" data-comments-opened=\"0\" data-image-meta=\"{&quot;aperture&quot;:&quot;0&quot;,&quot;credit&quot;:&quot;&quot;,&quot;camera&quot;:&quot;&quot;,&quot;caption&quot;:&quot;&quot;,&quot;created_timestamp&quot;:&quot;0&quot;,&quot;copyright&quot;:&quot;&quot;,&quot;focal_length&quot;:&quot;0&quot;,&quot;iso&quot;:&quot;0&quot;,&quot;shutter_speed&quot;:&quot;0&quot;,&quot;title&quot;:&quot;&quot;,&quot;orientation&quot;:&quot;0&quot;}\" data-image-title=\"170323&#8212;Stade-RFCL&#8212;EAP5&#8212;Vue-4\" data-image-description=\"\" data-medium-file=\"https:\/\/fcliege.be\/fr\/wp-content\/uploads\/2018\/02\/170323-Stade-RFCL-EAP5-Vue-4-300x88.png\" data-large-file=\"https:\/\/fcliege.be\/fr\/wp-content\/uploads\/2018\/02\/170323-Stade-RFCL-EAP5-Vue-4-1024x302.png\" \/><\/a>\n\t\t\t<\/dt><\/dl>\n\t\t\t<br style='clear: both' \/>\n\t\t<\/div>\n\n<\/div>\n<div><\/div>\n<div><\/div>\n<div><\/div>\n<p>&nbsp;<\/p>\n","protected":false},"excerpt":{"rendered":"<p>C&rsquo;est en pr\u00e9sence du Ministre-Pr\u00e9sident de la R\u00e9gion Wallonne, Willy Borsus, du Bourgmestre de Li\u00e8ge, Willy Demeyer et du Ministre Jean-Claude Marcourt que le RFC Li\u00e8ge a sign\u00e9, ce dimanche, les conventions qui lancent officiellement la cr\u00e9ation du futur stade du RFC Li\u00e8ge, la Franki Arena. Pour notre\u00a0Pr\u00e9sident, Jean-Paul Lacomble, il s&rsquo;agit d&rsquo;un pas significatif, [&hellip;]<\/p>\n","protected":false},"author":9,"featured_media":10784,"comment_status":"closed","ping_status":"closed","sticky":false,"template":"","format":"standard","meta":{"iawp_total_views":91},"categories":[29,25,24,33],"tags":[],"_links":{"self":[{"href":"https:\/\/fcliege.be\/fr\/wp-json\/wp\/v2\/posts\/10759"}],"collection":[{"href":"https:\/\/fcliege.be\/fr\/wp-json\/wp\/v2\/posts"}],"about":[{"href":"https:\/\/fcliege.be\/fr\/wp-json\/wp\/v2\/types\/post"}],"author":[{"embeddable":true,"href":"https:\/\/fcliege.be\/fr\/wp-json\/wp\/v2\/users\/9"}],"replies":[{"embeddable":true,"href":"https:\/\/fcliege.be\/fr\/wp-json\/wp\/v2\/comments?post=10759"}],"version-history":[{"count":15,"href":"https:\/\/fcliege.be\/fr\/wp-json\/wp\/v2\/posts\/10759\/revisions"}],"predecessor-version":[{"id":10797,"href":"https:\/\/fcliege.be\/fr\/wp-json\/wp\/v2\/posts\/10759\/revisions\/10797"}],"wp:featuredmedia":[{"embeddable":true,"href":"https:\/\/fcliege.be\/fr\/wp-json\/wp\/v2\/media\/10784"}],"wp:attachment":[{"href":"https:\/\/fcliege.be\/fr\/wp-json\/wp\/v2\/media?parent=10759"}],"wp:term":[{"taxonomy":"category","embeddable":true,"href":"https:\/\/fcliege.be\/fr\/wp-json\/wp\/v2\/categories?post=10759"},{"taxonomy":"post_tag","embeddable":true,"href":"https:\/\/fcliege.be\/fr\/wp-json\/wp\/v2\/tags?post=10759"}],"curies":[{"name":"wp","href":"https:\/\/api.w.org\/{rel}","templated":true}]}}