{"id":11069,"date":"2018-05-11T12:40:47","date_gmt":"2018-05-11T11:40:47","guid":{"rendered":"http:\/\/fcliege.be\/fr\/?p=11069"},"modified":"2018-05-11T15:14:13","modified_gmt":"2018-05-11T14:14:13","slug":"geer-p2-dimanche-13-mai","status":"publish","type":"post","link":"https:\/\/fcliege.be\/fr\/geer-p2-dimanche-13-mai\/","title":{"rendered":"Geer &#8211; P2 l Dimanche 13 mai 2018 l 15h00"},"content":{"rendered":"<p>Alors que notre \u00e9quipe premi\u00e8re d\u00e9fendra nos couleurs \u00e0 Mandel United (Ingelmunster), notre P2 disputera sa rencontre\u00a0de tour final\u00a0\u00e0 Geer\u00a0ce dimanche 13 mai\u00a0\u00e0 15h00.<\/p>\n<p>Nous comptons sur toute l\u2019\u00e9quipe de Fabrice Cristallini pour porter haut le Rouge et Bleu.<\/p>\n<p>Rendez-vous le long de la pelouse de Geer pour soutenir nos Sang et Marine !<\/p>\n<p>Allons L\u00eedge !<\/p>\n","protected":false},"excerpt":{"rendered":"<p>Alors que notre \u00e9quipe premi\u00e8re d\u00e9fendra nos couleurs \u00e0 Mandel United (Ingelmunster), notre P2 disputera sa rencontre\u00a0de tour final\u00a0\u00e0 Geer\u00a0ce dimanche 13 mai\u00a0\u00e0 15h00. Nous comptons sur toute l\u2019\u00e9quipe de Fabrice Cristallini pour porter haut le Rouge et Bleu. Rendez-vous le long de la pelouse de Geer pour soutenir nos Sang et Marine ! Allons [&hellip;]<\/p>\n","protected":false},"author":9,"featured_media":0,"comment_status":"closed","ping_status":"closed","sticky":false,"template":"","format":"standard","meta":{"iawp_total_views":0},"categories":[28],"tags":[],"_links":{"self":[{"href":"https:\/\/fcliege.be\/fr\/wp-json\/wp\/v2\/posts\/11069"}],"collection":[{"href":"https:\/\/fcliege.be\/fr\/wp-json\/wp\/v2\/posts"}],"about":[{"href":"https:\/\/fcliege.be\/fr\/wp-json\/wp\/v2\/types\/post"}],"author":[{"embeddable":true,"href":"https:\/\/fcliege.be\/fr\/wp-json\/wp\/v2\/users\/9"}],"replies":[{"embeddable":true,"href":"https:\/\/fcliege.be\/fr\/wp-json\/wp\/v2\/comments?post=11069"}],"version-history":[{"count":5,"href":"https:\/\/fcliege.be\/fr\/wp-json\/wp\/v2\/posts\/11069\/revisions"}],"predecessor-version":[{"id":11155,"href":"https:\/\/fcliege.be\/fr\/wp-json\/wp\/v2\/posts\/11069\/revisions\/11155"}],"wp:attachment":[{"href":"https:\/\/fcliege.be\/fr\/wp-json\/wp\/v2\/media?parent=11069"}],"wp:term":[{"taxonomy":"category","embeddable":true,"href":"https:\/\/fcliege.be\/fr\/wp-json\/wp\/v2\/categories?post=11069"},{"taxonomy":"post_tag","embeddable":true,"href":"https:\/\/fcliege.be\/fr\/wp-json\/wp\/v2\/tags?post=11069"}],"curies":[{"name":"wp","href":"https:\/\/api.w.org\/{rel}","templated":true}]}}