{"id":11208,"date":"2018-06-09T21:22:01","date_gmt":"2018-06-09T20:22:01","guid":{"rendered":"http:\/\/fcliege.be\/fr\/?p=11208"},"modified":"2018-06-10T18:14:23","modified_gmt":"2018-06-10T17:14:23","slug":"venez-feter-la-montee-au-pied-de-lhotel-de-ville","status":"publish","type":"post","link":"https:\/\/fcliege.be\/fr\/venez-feter-la-montee-au-pied-de-lhotel-de-ville\/","title":{"rendered":"Le RFCL mis \u00e0 l&rsquo;honneur par la Province et la Ville de Li\u00e8ge"},"content":{"rendered":"<p>Ce Jeudi 14 juin 2018, nos joueurs seront re\u00e7us par les autorit\u00e9s provinciales avant de se rendre \u00e0 l&rsquo;Hotel de Ville, o\u00f9 ils seront mis \u00e0 l&rsquo;honneur par la Ville de Li\u00e8ge.<\/p>\n<p>Nous vous donnons donc rendez-vous \u00e0 18h30 \u00e0 l&rsquo;H\u00f4tel de Ville de Li\u00e8ge afin de venir saluer toute l&rsquo;\u00e9quipe du RFC Li\u00e8ge et f\u00eater notre accession en division 1 amateurs.<\/p>\n","protected":false},"excerpt":{"rendered":"<p>Ce Jeudi 14 juin 2018, nos joueurs seront re\u00e7us par les autorit\u00e9s provinciales avant de se rendre \u00e0 l&rsquo;Hotel de Ville, o\u00f9 ils seront mis \u00e0 l&rsquo;honneur par la Ville de Li\u00e8ge. Nous vous donnons donc rendez-vous \u00e0 18h30 \u00e0 l&rsquo;H\u00f4tel de Ville de Li\u00e8ge afin de venir saluer toute l&rsquo;\u00e9quipe du RFC Li\u00e8ge et [&hellip;]<\/p>\n","protected":false},"author":9,"featured_media":0,"comment_status":"closed","ping_status":"closed","sticky":false,"template":"","format":"standard","meta":{"iawp_total_views":0},"categories":[25,24],"tags":[],"_links":{"self":[{"href":"https:\/\/fcliege.be\/fr\/wp-json\/wp\/v2\/posts\/11208"}],"collection":[{"href":"https:\/\/fcliege.be\/fr\/wp-json\/wp\/v2\/posts"}],"about":[{"href":"https:\/\/fcliege.be\/fr\/wp-json\/wp\/v2\/types\/post"}],"author":[{"embeddable":true,"href":"https:\/\/fcliege.be\/fr\/wp-json\/wp\/v2\/users\/9"}],"replies":[{"embeddable":true,"href":"https:\/\/fcliege.be\/fr\/wp-json\/wp\/v2\/comments?post=11208"}],"version-history":[{"count":4,"href":"https:\/\/fcliege.be\/fr\/wp-json\/wp\/v2\/posts\/11208\/revisions"}],"predecessor-version":[{"id":11257,"href":"https:\/\/fcliege.be\/fr\/wp-json\/wp\/v2\/posts\/11208\/revisions\/11257"}],"wp:attachment":[{"href":"https:\/\/fcliege.be\/fr\/wp-json\/wp\/v2\/media?parent=11208"}],"wp:term":[{"taxonomy":"category","embeddable":true,"href":"https:\/\/fcliege.be\/fr\/wp-json\/wp\/v2\/categories?post=11208"},{"taxonomy":"post_tag","embeddable":true,"href":"https:\/\/fcliege.be\/fr\/wp-json\/wp\/v2\/tags?post=11208"}],"curies":[{"name":"wp","href":"https:\/\/api.w.org\/{rel}","templated":true}]}}