{"id":11214,"date":"2018-05-30T16:30:07","date_gmt":"2018-05-30T15:30:07","guid":{"rendered":"http:\/\/fcliege.be\/fr\/?p=11214"},"modified":"2018-05-30T16:30:07","modified_gmt":"2018-05-30T15:30:07","slug":"premieres-nouvelles-du-front","status":"publish","type":"post","link":"https:\/\/fcliege.be\/fr\/premieres-nouvelles-du-front\/","title":{"rendered":"Premi\u00e8res nouvelles du front"},"content":{"rendered":"<p>Comme annonc\u00e9, les discussions autour de la constitution du noyau de la saison prochaine n&rsquo;ont d\u00e9marr\u00e9 qu&rsquo;une fois la mont\u00e9e acquise.<\/p>\n<p>Priorit\u00e9s du jour : consolider le contrat de Kakou et faire r\u00e9signer Maxime Electeur qui ont, l&rsquo;un et l&rsquo;autre, attir\u00e9 les regards de clubs plus hauts class\u00e9s.<\/p>\n<p>C&rsquo;est chose faite; Kakou pour 3 ans et Maxime pour 2 ans.<\/p>\n<p>En route vers de nouvelles aventures !<\/p>\n<p>En sens inverse, la rumeur insistante est d\u00e9sormais confirm\u00e9e : Valentin Lamort s&rsquo;est li\u00e9 \u00e0 Ch\u00e2telet. Nous le remercions pour sa contribution \u00e0 la mont\u00e9e et le retrouverons avec plaisir la saison prochaine.<\/p>\n","protected":false},"excerpt":{"rendered":"<p>Comme annonc\u00e9, les discussions autour de la constitution du noyau de la saison prochaine n&rsquo;ont d\u00e9marr\u00e9 qu&rsquo;une fois la mont\u00e9e acquise. Priorit\u00e9s du jour : consolider le contrat de Kakou et faire r\u00e9signer Maxime Electeur qui ont, l&rsquo;un et l&rsquo;autre, attir\u00e9 les regards de clubs plus hauts class\u00e9s. C&rsquo;est chose faite; Kakou pour 3 ans [&hellip;]<\/p>\n","protected":false},"author":9,"featured_media":0,"comment_status":"closed","ping_status":"closed","sticky":false,"template":"","format":"standard","meta":{"iawp_total_views":0},"categories":[24,28],"tags":[],"_links":{"self":[{"href":"https:\/\/fcliege.be\/fr\/wp-json\/wp\/v2\/posts\/11214"}],"collection":[{"href":"https:\/\/fcliege.be\/fr\/wp-json\/wp\/v2\/posts"}],"about":[{"href":"https:\/\/fcliege.be\/fr\/wp-json\/wp\/v2\/types\/post"}],"author":[{"embeddable":true,"href":"https:\/\/fcliege.be\/fr\/wp-json\/wp\/v2\/users\/9"}],"replies":[{"embeddable":true,"href":"https:\/\/fcliege.be\/fr\/wp-json\/wp\/v2\/comments?post=11214"}],"version-history":[{"count":1,"href":"https:\/\/fcliege.be\/fr\/wp-json\/wp\/v2\/posts\/11214\/revisions"}],"predecessor-version":[{"id":11215,"href":"https:\/\/fcliege.be\/fr\/wp-json\/wp\/v2\/posts\/11214\/revisions\/11215"}],"wp:attachment":[{"href":"https:\/\/fcliege.be\/fr\/wp-json\/wp\/v2\/media?parent=11214"}],"wp:term":[{"taxonomy":"category","embeddable":true,"href":"https:\/\/fcliege.be\/fr\/wp-json\/wp\/v2\/categories?post=11214"},{"taxonomy":"post_tag","embeddable":true,"href":"https:\/\/fcliege.be\/fr\/wp-json\/wp\/v2\/tags?post=11214"}],"curies":[{"name":"wp","href":"https:\/\/api.w.org\/{rel}","templated":true}]}}