{"id":11216,"date":"2018-05-31T16:06:35","date_gmt":"2018-05-31T15:06:35","guid":{"rendered":"http:\/\/fcliege.be\/fr\/?p=11216"},"modified":"2018-05-31T16:06:35","modified_gmt":"2018-05-31T15:06:35","slug":"le-rouge-et-bleu-present-au-tournoi-inter-ecoles-de-la-pro-league","status":"publish","type":"post","link":"https:\/\/fcliege.be\/fr\/le-rouge-et-bleu-present-au-tournoi-inter-ecoles-de-la-pro-league\/","title":{"rendered":"Le Rouge et Bleu pr\u00e9sent au tournoi inter-\u00e9coles de la Pro-League"},"content":{"rendered":"<h5>Ce samedi 26 mai, le Daknamstadion de Sporting Lokeren accueillait\u00a0les 20 \u00e9quipes participant \u00e0 la Coupe des \u00c9coles de la Pro League,\u00a0un tournoi inter-\u00e9coles organis\u00e9 par la Pro League+ qui fait la part belle au plaisir de jouer et \u00e0 la sportivit\u00e9 et offre \u00a0\u00e0 chacun, sans exception, la possibilit\u00e9 de s&rsquo;\u00e9panouir \u00e0 travers le sport.<\/h5>\n<p>Apr\u00e8s quelques semaines de tournoi de s\u00e9lection, les 20 \u00e9coles s\u00e9lectionn\u00e9es ont d\u00e9fendu leur place en jouant dans les couleurs de leur club pr\u00e9f\u00e9r\u00e9. Les \u00e9quipes, parmi lesquelles 2 \u00e9quipes de jeunes issus de centres d&rsquo;accueil pour r\u00e9fugi\u00e9s ou demandeurs d&rsquo;asile, \u00e9taient\u00a0compos\u00e9es d&rsquo;au moins quatre filles.<\/p>\n<p>Tr\u00e8s attentive \u00e0 l&rsquo;aspect social du football, le RFCL a souhait\u00e9 apporter son soutien \u00e0 cette action en parrainant l&rsquo;\u00e9quipe des enfants du centre d&rsquo;accueil de la Croix-Rouge de Bierset.<\/p>\n<p>Retrouvez ci-dessous les photos de cette journ\u00e9e.<\/p>\n<p><a href=\"https:\/\/fcliege.be\/fr\/wp-content\/uploads\/2018\/05\/DSC_3573.jpg\"><img decoding=\"async\" loading=\"lazy\" class=\"alignnone size-medium wp-image-11217\" src=\"https:\/\/fcliege.be\/fr\/wp-content\/uploads\/2018\/05\/DSC_3573-300x200.jpg\" alt=\"DSC_3573\" width=\"300\" height=\"200\" srcset=\"https:\/\/fcliege.be\/fr\/wp-content\/uploads\/2018\/05\/DSC_3573-300x200.jpg 300w, https:\/\/fcliege.be\/fr\/wp-content\/uploads\/2018\/05\/DSC_3573-1024x682.jpg 1024w\" sizes=\"(max-width: 300px) 100vw, 300px\" \/><\/a> <a href=\"https:\/\/fcliege.be\/fr\/wp-content\/uploads\/2018\/05\/DSC_3612.jpg\"><img decoding=\"async\" loading=\"lazy\" class=\"alignnone size-medium wp-image-11218\" src=\"https:\/\/fcliege.be\/fr\/wp-content\/uploads\/2018\/05\/DSC_3612-300x200.jpg\" alt=\"DSC_3612\" width=\"300\" height=\"200\" srcset=\"https:\/\/fcliege.be\/fr\/wp-content\/uploads\/2018\/05\/DSC_3612-300x200.jpg 300w, https:\/\/fcliege.be\/fr\/wp-content\/uploads\/2018\/05\/DSC_3612-1024x682.jpg 1024w\" sizes=\"(max-width: 300px) 100vw, 300px\" \/><\/a> <a href=\"https:\/\/fcliege.be\/fr\/wp-content\/uploads\/2018\/05\/DSC_3614.jpg\"><img decoding=\"async\" loading=\"lazy\" class=\"alignnone size-medium wp-image-11219\" src=\"https:\/\/fcliege.be\/fr\/wp-content\/uploads\/2018\/05\/DSC_3614-300x200.jpg\" alt=\"DSC_3614\" width=\"300\" height=\"200\" srcset=\"https:\/\/fcliege.be\/fr\/wp-content\/uploads\/2018\/05\/DSC_3614-300x200.jpg 300w, https:\/\/fcliege.be\/fr\/wp-content\/uploads\/2018\/05\/DSC_3614-1024x682.jpg 1024w\" sizes=\"(max-width: 300px) 100vw, 300px\" \/><\/a> <a href=\"https:\/\/fcliege.be\/fr\/wp-content\/uploads\/2018\/05\/DSC_3641.jpg\"><img decoding=\"async\" loading=\"lazy\" class=\"alignnone size-medium wp-image-11220\" src=\"https:\/\/fcliege.be\/fr\/wp-content\/uploads\/2018\/05\/DSC_3641-300x200.jpg\" alt=\"DSC_3641\" width=\"300\" height=\"200\" srcset=\"https:\/\/fcliege.be\/fr\/wp-content\/uploads\/2018\/05\/DSC_3641-300x200.jpg 300w, https:\/\/fcliege.be\/fr\/wp-content\/uploads\/2018\/05\/DSC_3641-1024x682.jpg 1024w\" sizes=\"(max-width: 300px) 100vw, 300px\" \/><\/a> <a href=\"https:\/\/fcliege.be\/fr\/wp-content\/uploads\/2018\/05\/DSC_3757.jpg\"><img decoding=\"async\" loading=\"lazy\" class=\"alignnone size-medium wp-image-11221\" src=\"https:\/\/fcliege.be\/fr\/wp-content\/uploads\/2018\/05\/DSC_3757-300x200.jpg\" alt=\"DSC_3757\" width=\"300\" height=\"200\" srcset=\"https:\/\/fcliege.be\/fr\/wp-content\/uploads\/2018\/05\/DSC_3757-300x200.jpg 300w, https:\/\/fcliege.be\/fr\/wp-content\/uploads\/2018\/05\/DSC_3757-1024x682.jpg 1024w\" sizes=\"(max-width: 300px) 100vw, 300px\" \/><\/a> <a href=\"https:\/\/fcliege.be\/fr\/wp-content\/uploads\/2018\/05\/Liege.jpg\"><img decoding=\"async\" loading=\"lazy\" class=\"alignnone size-medium wp-image-11222\" src=\"https:\/\/fcliege.be\/fr\/wp-content\/uploads\/2018\/05\/Liege-300x200.jpg\" alt=\"Liege\" width=\"300\" height=\"200\" srcset=\"https:\/\/fcliege.be\/fr\/wp-content\/uploads\/2018\/05\/Liege-300x200.jpg 300w, https:\/\/fcliege.be\/fr\/wp-content\/uploads\/2018\/05\/Liege-1024x682.jpg 1024w\" sizes=\"(max-width: 300px) 100vw, 300px\" \/><\/a><\/p>\n","protected":false},"excerpt":{"rendered":"<p>Ce samedi 26 mai, le Daknamstadion de Sporting Lokeren accueillait\u00a0les 20 \u00e9quipes participant \u00e0 la Coupe des \u00c9coles de la Pro League,\u00a0un tournoi inter-\u00e9coles organis\u00e9 par la Pro League+ qui fait la part belle au plaisir de jouer et \u00e0 la sportivit\u00e9 et offre \u00a0\u00e0 chacun, sans exception, la possibilit\u00e9 de s&rsquo;\u00e9panouir \u00e0 travers le [&hellip;]<\/p>\n","protected":false},"author":9,"featured_media":11223,"comment_status":"closed","ping_status":"closed","sticky":false,"template":"","format":"standard","meta":{"iawp_total_views":0},"categories":[24],"tags":[],"_links":{"self":[{"href":"https:\/\/fcliege.be\/fr\/wp-json\/wp\/v2\/posts\/11216"}],"collection":[{"href":"https:\/\/fcliege.be\/fr\/wp-json\/wp\/v2\/posts"}],"about":[{"href":"https:\/\/fcliege.be\/fr\/wp-json\/wp\/v2\/types\/post"}],"author":[{"embeddable":true,"href":"https:\/\/fcliege.be\/fr\/wp-json\/wp\/v2\/users\/9"}],"replies":[{"embeddable":true,"href":"https:\/\/fcliege.be\/fr\/wp-json\/wp\/v2\/comments?post=11216"}],"version-history":[{"count":2,"href":"https:\/\/fcliege.be\/fr\/wp-json\/wp\/v2\/posts\/11216\/revisions"}],"predecessor-version":[{"id":11225,"href":"https:\/\/fcliege.be\/fr\/wp-json\/wp\/v2\/posts\/11216\/revisions\/11225"}],"wp:featuredmedia":[{"embeddable":true,"href":"https:\/\/fcliege.be\/fr\/wp-json\/wp\/v2\/media\/11223"}],"wp:attachment":[{"href":"https:\/\/fcliege.be\/fr\/wp-json\/wp\/v2\/media?parent=11216"}],"wp:term":[{"taxonomy":"category","embeddable":true,"href":"https:\/\/fcliege.be\/fr\/wp-json\/wp\/v2\/categories?post=11216"},{"taxonomy":"post_tag","embeddable":true,"href":"https:\/\/fcliege.be\/fr\/wp-json\/wp\/v2\/tags?post=11216"}],"curies":[{"name":"wp","href":"https:\/\/api.w.org\/{rel}","templated":true}]}}