{"id":11229,"date":"2018-06-01T17:49:49","date_gmt":"2018-06-01T16:49:49","guid":{"rendered":"http:\/\/fcliege.be\/fr\/?p=11229"},"modified":"2018-06-01T17:49:49","modified_gmt":"2018-06-01T16:49:49","slug":"deux-nouvelles-recrues-rejoignent-le-noyau","status":"publish","type":"post","link":"https:\/\/fcliege.be\/fr\/deux-nouvelles-recrues-rejoignent-le-noyau\/","title":{"rendered":"Deux nouvelles recrues rejoignent le noyau."},"content":{"rendered":"<p>Les transferts se poursuivent activement\u00a0en vue de\u00a0la\u00a0saison \u00e0 venir.<\/p>\n<p>Alors que <strong>Jonathan d&rsquo;Ostilio<\/strong> s&rsquo;est engag\u00e9 pour deux ann\u00e9es suppl\u00e9mentaires dans le noyau Rouge et Bleu, deux jeunes joueurs talentueux ont \u00e9galement sign\u00e9 aujourd&rsquo;hui un contrat pour deux saisons au RFC Li\u00e8ge.<\/p>\n<p>48 heures apr\u00e8s avoir\u00a0ent\u00e9rin\u00e9 le d\u00e9part de Valentin Lamont, le club lui a trouv\u00e9 un rempla\u00e7ant en la personne de\u00a0<strong>Yoshi Mari\u00ebn<\/strong> (1996). Form\u00e9 au Beerschot durant 6 ann\u00e9es, il est pass\u00e9 par Hoogstraeten avant de disputer les deux derni\u00e8res saisons \u00e0 Hamme. D\u00e9termin\u00e9, ce jeune joueur peut \u00e9voluer aux 3 positions offensives, tant \u00e0 gauche qu&rsquo;\u00e0 droite, mais \u00e9galement comme deuxi\u00e8me\u00a0attaquant.<br \/>\nYoshi a d\u00e9montr\u00e9 toutes ses capacit\u00e9s au cours\u00a0des deux rencontres qui ont oppos\u00e9 Hamme au RFC Li\u00e8ge lors du dernier tour final. Il \u00a0rev\u00eatira\u00a0donc\u00a0la vareuse Sang et Marine\u00a0d\u00e8s le d\u00e9but de saison prochaine.<\/p>\n<p>La deuxi\u00e8me recrue du jour est un d\u00e9fenseur central. Form\u00e9 au Standard jusqu&rsquo;en U21, <strong>Benjamin Van den Ackerveken<\/strong>\u00a0(1995) a disput\u00e9 les 3 derni\u00e8res saisons \u00e0 Geel.\u00a0Tr\u00e8s athl\u00e9tique (1m87), ce joueur qui a notamment fait partie de la s\u00e9lection nationale en U18,\u00a0renforcera d\u00e9sormais l&rsquo;effectif li\u00e9geois.<\/p>\n<p>Nous leur souhaitons la bienvenue dans la famille Rouge et Bleu.<\/p>\n<p>&nbsp;<\/p>\n\n\t\t<style type=\"text\/css\">\n\t\t\t#gallery-1 {\n\t\t\t\tmargin: auto;\n\t\t\t}\n\t\t\t#gallery-1 .gallery-item {\n\t\t\t\tfloat: left;\n\t\t\t\tmargin-top: 10px;\n\t\t\t\ttext-align: center;\n\t\t\t\twidth: 33%;\n\t\t\t}\n\t\t\t#gallery-1 img {\n\t\t\t\tborder: 2px solid #cfcfcf;\n\t\t\t}\n\t\t\t#gallery-1 .gallery-caption {\n\t\t\t\tmargin-left: 0;\n\t\t\t}\n\t\t\t\/* see gallery_shortcode() in wp-includes\/media.php *\/\n\t\t<\/style>\n\t\t<div data-carousel-extra='{\"blog_id\":1,\"permalink\":\"https:\\\/\\\/fcliege.be\\\/fr\\\/deux-nouvelles-recrues-rejoignent-le-noyau\\\/\",\"likes_blog_id\":false}' id='gallery-1' class='gallery galleryid-11229 gallery-columns-3 gallery-size-thumbnail'><dl class='gallery-item'>\n\t\t\t<dt class='gallery-icon portrait'>\n\t\t\t\t<a href='https:\/\/fcliege.be\/fr\/deux-nouvelles-recrues-rejoignent-le-noyau\/img_2198\/'><img width=\"150\" height=\"150\" src=\"https:\/\/fcliege.be\/fr\/wp-content\/uploads\/2018\/06\/IMG_2198-e1527867714510-150x150.jpg\" class=\"attachment-thumbnail size-thumbnail\" alt=\"\" decoding=\"async\" loading=\"lazy\" aria-describedby=\"gallery-1-11230\" data-attachment-id=\"11230\" data-orig-file=\"http:\/\/fcliege.be\/fr\/wp-content\/uploads\/2018\/06\/IMG_2198.jpg\" data-orig-size=\"3024,4032\" data-comments-opened=\"0\" data-image-meta=\"{&quot;aperture&quot;:&quot;2.2&quot;,&quot;credit&quot;:&quot;&quot;,&quot;camera&quot;:&quot;iPhone 6s&quot;,&quot;caption&quot;:&quot;&quot;,&quot;created_timestamp&quot;:&quot;1527871912&quot;,&quot;copyright&quot;:&quot;&quot;,&quot;focal_length&quot;:&quot;4.15&quot;,&quot;iso&quot;:&quot;125&quot;,&quot;shutter_speed&quot;:&quot;0.03030303030303&quot;,&quot;title&quot;:&quot;&quot;,&quot;orientation&quot;:&quot;6&quot;}\" data-image-title=\"IMG_2198\" data-image-description=\"\" data-medium-file=\"https:\/\/fcliege.be\/fr\/wp-content\/uploads\/2018\/06\/IMG_2198-e1527867714510-225x300.jpg\" data-large-file=\"https:\/\/fcliege.be\/fr\/wp-content\/uploads\/2018\/06\/IMG_2198-e1527867714510-768x1024.jpg\" \/><\/a>\n\t\t\t<\/dt>\n\t\t\t\t<dd class='wp-caption-text gallery-caption' id='gallery-1-11230'>\n\t\t\t\tYoshi Mari\u00ebn\n\t\t\t\t<\/dd><\/dl><dl class='gallery-item'>\n\t\t\t<dt class='gallery-icon portrait'>\n\t\t\t\t<a href='https:\/\/fcliege.be\/fr\/deux-nouvelles-recrues-rejoignent-le-noyau\/img_2202\/'><img width=\"150\" height=\"150\" src=\"https:\/\/fcliege.be\/fr\/wp-content\/uploads\/2018\/06\/IMG_2202-e1527867703528-150x150.jpg\" class=\"attachment-thumbnail size-thumbnail\" alt=\"\" decoding=\"async\" loading=\"lazy\" aria-describedby=\"gallery-1-11231\" data-attachment-id=\"11231\" data-orig-file=\"http:\/\/fcliege.be\/fr\/wp-content\/uploads\/2018\/06\/IMG_2202.jpg\" data-orig-size=\"3024,4032\" data-comments-opened=\"0\" data-image-meta=\"{&quot;aperture&quot;:&quot;2.2&quot;,&quot;credit&quot;:&quot;&quot;,&quot;camera&quot;:&quot;iPhone 6s&quot;,&quot;caption&quot;:&quot;&quot;,&quot;created_timestamp&quot;:&quot;1527872668&quot;,&quot;copyright&quot;:&quot;&quot;,&quot;focal_length&quot;:&quot;4.15&quot;,&quot;iso&quot;:&quot;64&quot;,&quot;shutter_speed&quot;:&quot;0.03030303030303&quot;,&quot;title&quot;:&quot;&quot;,&quot;orientation&quot;:&quot;6&quot;}\" data-image-title=\"IMG_2202\" data-image-description=\"\" data-medium-file=\"https:\/\/fcliege.be\/fr\/wp-content\/uploads\/2018\/06\/IMG_2202-e1527867703528-225x300.jpg\" data-large-file=\"https:\/\/fcliege.be\/fr\/wp-content\/uploads\/2018\/06\/IMG_2202-e1527867703528-768x1024.jpg\" \/><\/a>\n\t\t\t<\/dt>\n\t\t\t\t<dd class='wp-caption-text gallery-caption' id='gallery-1-11231'>\n\t\t\t\tBenjamin Van den Ackerveken\n\t\t\t\t<\/dd><\/dl>\n\t\t\t<br style='clear: both' \/>\n\t\t<\/div>\n\n<p>&nbsp;<\/p>\n","protected":false},"excerpt":{"rendered":"<p>Les transferts se poursuivent activement\u00a0en vue de\u00a0la\u00a0saison \u00e0 venir. Alors que Jonathan d&rsquo;Ostilio s&rsquo;est engag\u00e9 pour deux ann\u00e9es suppl\u00e9mentaires dans le noyau Rouge et Bleu, deux jeunes joueurs talentueux ont \u00e9galement sign\u00e9 aujourd&rsquo;hui un contrat pour deux saisons au RFC Li\u00e8ge. 48 heures apr\u00e8s avoir\u00a0ent\u00e9rin\u00e9 le d\u00e9part de Valentin Lamont, le club lui a trouv\u00e9 [&hellip;]<\/p>\n","protected":false},"author":9,"featured_media":11232,"comment_status":"closed","ping_status":"closed","sticky":false,"template":"","format":"standard","meta":{"iawp_total_views":9},"categories":[24,26],"tags":[],"_links":{"self":[{"href":"https:\/\/fcliege.be\/fr\/wp-json\/wp\/v2\/posts\/11229"}],"collection":[{"href":"https:\/\/fcliege.be\/fr\/wp-json\/wp\/v2\/posts"}],"about":[{"href":"https:\/\/fcliege.be\/fr\/wp-json\/wp\/v2\/types\/post"}],"author":[{"embeddable":true,"href":"https:\/\/fcliege.be\/fr\/wp-json\/wp\/v2\/users\/9"}],"replies":[{"embeddable":true,"href":"https:\/\/fcliege.be\/fr\/wp-json\/wp\/v2\/comments?post=11229"}],"version-history":[{"count":3,"href":"https:\/\/fcliege.be\/fr\/wp-json\/wp\/v2\/posts\/11229\/revisions"}],"predecessor-version":[{"id":11235,"href":"https:\/\/fcliege.be\/fr\/wp-json\/wp\/v2\/posts\/11229\/revisions\/11235"}],"wp:featuredmedia":[{"embeddable":true,"href":"https:\/\/fcliege.be\/fr\/wp-json\/wp\/v2\/media\/11232"}],"wp:attachment":[{"href":"https:\/\/fcliege.be\/fr\/wp-json\/wp\/v2\/media?parent=11229"}],"wp:term":[{"taxonomy":"category","embeddable":true,"href":"https:\/\/fcliege.be\/fr\/wp-json\/wp\/v2\/categories?post=11229"},{"taxonomy":"post_tag","embeddable":true,"href":"https:\/\/fcliege.be\/fr\/wp-json\/wp\/v2\/tags?post=11229"}],"curies":[{"name":"wp","href":"https:\/\/api.w.org\/{rel}","templated":true}]}}