{"id":11249,"date":"2018-06-07T18:28:39","date_gmt":"2018-06-07T17:28:39","guid":{"rendered":"http:\/\/fcliege.be\/fr\/?p=11249"},"modified":"2018-06-07T18:29:21","modified_gmt":"2018-06-07T17:29:21","slug":"dante-brogno-restera-entraineur-du-rfcl-la-saison-prochaine","status":"publish","type":"post","link":"https:\/\/fcliege.be\/fr\/dante-brogno-restera-entraineur-du-rfcl-la-saison-prochaine\/","title":{"rendered":"Dante Brogno restera entra\u00eeneur du RFCL la saison prochaine"},"content":{"rendered":"<p>La d\u00e9cision \u00e9tait attendue; elle est tomb\u00e9e il y a quelques minutes : Dante Brogno restera l&rsquo;entra\u00eeneur de notre \u00e9quipe premi\u00e8re pour la saison \u00e0 venir.<\/p>\n<p>Nous lui souhaitons, \u00e0 lui comme \u00e0 l&rsquo;\u00e9quipe, une excellente saison 2018-2019.<\/p>\n","protected":false},"excerpt":{"rendered":"<p>La d\u00e9cision \u00e9tait attendue; elle est tomb\u00e9e il y a quelques minutes : Dante Brogno restera l&rsquo;entra\u00eeneur de notre \u00e9quipe premi\u00e8re pour la saison \u00e0 venir. Nous lui souhaitons, \u00e0 lui comme \u00e0 l&rsquo;\u00e9quipe, une excellente saison 2018-2019.<\/p>\n","protected":false},"author":9,"featured_media":10528,"comment_status":"closed","ping_status":"closed","sticky":false,"template":"","format":"standard","meta":{"iawp_total_views":0},"categories":[24],"tags":[],"_links":{"self":[{"href":"https:\/\/fcliege.be\/fr\/wp-json\/wp\/v2\/posts\/11249"}],"collection":[{"href":"https:\/\/fcliege.be\/fr\/wp-json\/wp\/v2\/posts"}],"about":[{"href":"https:\/\/fcliege.be\/fr\/wp-json\/wp\/v2\/types\/post"}],"author":[{"embeddable":true,"href":"https:\/\/fcliege.be\/fr\/wp-json\/wp\/v2\/users\/9"}],"replies":[{"embeddable":true,"href":"https:\/\/fcliege.be\/fr\/wp-json\/wp\/v2\/comments?post=11249"}],"version-history":[{"count":2,"href":"https:\/\/fcliege.be\/fr\/wp-json\/wp\/v2\/posts\/11249\/revisions"}],"predecessor-version":[{"id":11251,"href":"https:\/\/fcliege.be\/fr\/wp-json\/wp\/v2\/posts\/11249\/revisions\/11251"}],"wp:featuredmedia":[{"embeddable":true,"href":"https:\/\/fcliege.be\/fr\/wp-json\/wp\/v2\/media\/10528"}],"wp:attachment":[{"href":"https:\/\/fcliege.be\/fr\/wp-json\/wp\/v2\/media?parent=11249"}],"wp:term":[{"taxonomy":"category","embeddable":true,"href":"https:\/\/fcliege.be\/fr\/wp-json\/wp\/v2\/categories?post=11249"},{"taxonomy":"post_tag","embeddable":true,"href":"https:\/\/fcliege.be\/fr\/wp-json\/wp\/v2\/tags?post=11249"}],"curies":[{"name":"wp","href":"https:\/\/api.w.org\/{rel}","templated":true}]}}