{"id":11252,"date":"2018-06-08T13:02:09","date_gmt":"2018-06-08T12:02:09","guid":{"rendered":"http:\/\/fcliege.be\/fr\/?p=11252"},"modified":"2018-06-08T13:02:09","modified_gmt":"2018-06-08T12:02:09","slug":"la-p2-cede-sa-place-a-une-equipe-reserve-nationale","status":"publish","type":"post","link":"https:\/\/fcliege.be\/fr\/la-p2-cede-sa-place-a-une-equipe-reserve-nationale\/","title":{"rendered":"La P2 c\u00e8de sa place \u00e0 une \u00e9quipe r\u00e9serve \u00ab\u00a0nationale\u00a0\u00bb"},"content":{"rendered":"<p>La mont\u00e9e de notre \u00e9quipe premi\u00e8re en D1 amateurs am\u00e8ne de nouvelles perspectives pour le club dans son ensemble et, plus directement, pour notre \u00e9quipe r\u00e9serve. En effet, cette \u00e9quipe \u00e9voluera d\u00e9sormais dans un championnat national o\u00f9 elle rencontrera les m\u00eames clubs que notre \u00e9quipe premi\u00e8re.<\/p>\n<p>Convaincu par la qualit\u00e9 de ce championnat, le club a d\u00e9cid\u00e9 de d\u00e9sormais faire \u00e9voluer les espoirs de notre club dans cette cat\u00e9gorie.<\/p>\n<p>Un\u00a0choix m\u00fbrement r\u00e9fl\u00e9chi\u00a0qui, certes, met un terme \u00e0 une magnifique aventure en championnat provincial, mais reste en phase avec la politique de notre Ecole des Jeunes, \u00e0 savoir offrir une\u00a0formation de qualit\u00e9. \u00a0Gageons que cet objectif sera atteint en permettant\u00a0\u00e0 nos jeunes joueurs\u00a0de c\u00f4toyer ces clubs d&rsquo;un niveau sup\u00e9rieur.<\/p>\n<p>Nous\u00a0souhaitons \u00e0 cette \u00e9quipe et \u00e0 son coach la m\u00eame r\u00e9ussite que celle rencontr\u00e9e au cours de l&rsquo;aventure \u00ab\u00a0provinciale\u00a0\u00bb.<\/p>\n<p>&nbsp;<\/p>\n<p>&nbsp;<\/p>\n","protected":false},"excerpt":{"rendered":"<p>La mont\u00e9e de notre \u00e9quipe premi\u00e8re en D1 amateurs am\u00e8ne de nouvelles perspectives pour le club dans son ensemble et, plus directement, pour notre \u00e9quipe r\u00e9serve. En effet, cette \u00e9quipe \u00e9voluera d\u00e9sormais dans un championnat national o\u00f9 elle rencontrera les m\u00eames clubs que notre \u00e9quipe premi\u00e8re. Convaincu par la qualit\u00e9 de ce championnat, le club [&hellip;]<\/p>\n","protected":false},"author":9,"featured_media":0,"comment_status":"closed","ping_status":"closed","sticky":false,"template":"","format":"standard","meta":{"iawp_total_views":1},"categories":[1,24],"tags":[],"_links":{"self":[{"href":"https:\/\/fcliege.be\/fr\/wp-json\/wp\/v2\/posts\/11252"}],"collection":[{"href":"https:\/\/fcliege.be\/fr\/wp-json\/wp\/v2\/posts"}],"about":[{"href":"https:\/\/fcliege.be\/fr\/wp-json\/wp\/v2\/types\/post"}],"author":[{"embeddable":true,"href":"https:\/\/fcliege.be\/fr\/wp-json\/wp\/v2\/users\/9"}],"replies":[{"embeddable":true,"href":"https:\/\/fcliege.be\/fr\/wp-json\/wp\/v2\/comments?post=11252"}],"version-history":[{"count":2,"href":"https:\/\/fcliege.be\/fr\/wp-json\/wp\/v2\/posts\/11252\/revisions"}],"predecessor-version":[{"id":11254,"href":"https:\/\/fcliege.be\/fr\/wp-json\/wp\/v2\/posts\/11252\/revisions\/11254"}],"wp:attachment":[{"href":"https:\/\/fcliege.be\/fr\/wp-json\/wp\/v2\/media?parent=11252"}],"wp:term":[{"taxonomy":"category","embeddable":true,"href":"https:\/\/fcliege.be\/fr\/wp-json\/wp\/v2\/categories?post=11252"},{"taxonomy":"post_tag","embeddable":true,"href":"https:\/\/fcliege.be\/fr\/wp-json\/wp\/v2\/tags?post=11252"}],"curies":[{"name":"wp","href":"https:\/\/api.w.org\/{rel}","templated":true}]}}