{"id":11265,"date":"2018-06-14T13:20:12","date_gmt":"2018-06-14T12:20:12","guid":{"rendered":"http:\/\/fcliege.be\/fr\/?p=11265"},"modified":"2018-06-14T13:20:23","modified_gmt":"2018-06-14T12:20:23","slug":"randy-giargiana-prolonge-pour-2-saisons","status":"publish","type":"post","link":"https:\/\/fcliege.be\/fr\/randy-giargiana-prolonge-pour-2-saisons\/","title":{"rendered":"Randy Giargiana prolonge pour 2 saisons"},"content":{"rendered":"<p>Ce jeudi, Randy Giargiana a sign\u00e9\u00a0la prolongation de son contrat RFC Li\u00e8ge\u00a0pour 2 saisons suppl\u00e9mentaires.<br \/>\nNous comptons sur tout le talent dont il a d\u00e9j\u00e0 fait preuve la saison derni\u00e8re pour d\u00e9fendre avec d\u00e9termination\u00a0les couleurs de notre club.<\/p>\n","protected":false},"excerpt":{"rendered":"<p>Ce jeudi, Randy Giargiana a sign\u00e9\u00a0la prolongation de son contrat RFC Li\u00e8ge\u00a0pour 2 saisons suppl\u00e9mentaires. Nous comptons sur tout le talent dont il a d\u00e9j\u00e0 fait preuve la saison derni\u00e8re pour d\u00e9fendre avec d\u00e9termination\u00a0les couleurs de notre club.<\/p>\n","protected":false},"author":9,"featured_media":10884,"comment_status":"closed","ping_status":"closed","sticky":false,"template":"","format":"standard","meta":{"iawp_total_views":2},"categories":[1,24],"tags":[],"_links":{"self":[{"href":"https:\/\/fcliege.be\/fr\/wp-json\/wp\/v2\/posts\/11265"}],"collection":[{"href":"https:\/\/fcliege.be\/fr\/wp-json\/wp\/v2\/posts"}],"about":[{"href":"https:\/\/fcliege.be\/fr\/wp-json\/wp\/v2\/types\/post"}],"author":[{"embeddable":true,"href":"https:\/\/fcliege.be\/fr\/wp-json\/wp\/v2\/users\/9"}],"replies":[{"embeddable":true,"href":"https:\/\/fcliege.be\/fr\/wp-json\/wp\/v2\/comments?post=11265"}],"version-history":[{"count":1,"href":"https:\/\/fcliege.be\/fr\/wp-json\/wp\/v2\/posts\/11265\/revisions"}],"predecessor-version":[{"id":11266,"href":"https:\/\/fcliege.be\/fr\/wp-json\/wp\/v2\/posts\/11265\/revisions\/11266"}],"wp:featuredmedia":[{"embeddable":true,"href":"https:\/\/fcliege.be\/fr\/wp-json\/wp\/v2\/media\/10884"}],"wp:attachment":[{"href":"https:\/\/fcliege.be\/fr\/wp-json\/wp\/v2\/media?parent=11265"}],"wp:term":[{"taxonomy":"category","embeddable":true,"href":"https:\/\/fcliege.be\/fr\/wp-json\/wp\/v2\/categories?post=11265"},{"taxonomy":"post_tag","embeddable":true,"href":"https:\/\/fcliege.be\/fr\/wp-json\/wp\/v2\/tags?post=11265"}],"curies":[{"name":"wp","href":"https:\/\/api.w.org\/{rel}","templated":true}]}}