{"id":11279,"date":"2018-06-21T11:32:40","date_gmt":"2018-06-21T10:32:40","guid":{"rendered":"http:\/\/fcliege.be\/fr\/?p=11279"},"modified":"2018-06-21T11:32:40","modified_gmt":"2018-06-21T10:32:40","slug":"paul-armand-niankou-rejoint-le-rfc-liege","status":"publish","type":"post","link":"https:\/\/fcliege.be\/fr\/paul-armand-niankou-rejoint-le-rfc-liege\/","title":{"rendered":"Paul Armand Niankou rejoint le RFC Li\u00e8ge"},"content":{"rendered":"<p>Paul Armand Niankou (25\/12\/1989), milieu d\u00e9fensif exp\u00e9riment\u00e9,\u00a0a sign\u00e9 ce matin un contrat d&rsquo;un an au RFC Li\u00e8ge.<\/p>\n<p>Ce droitier d&rsquo;origine ivoirienne, pass\u00e9,\u00a0entre autre, par le White Star de 2014 \u00e0 2017 et par Francs-Borains constitue une recrue de choix pour notre milieu de terrain.<\/p>\n<p>Bienvenue \u00e0 lui&#8230;<\/p>\n","protected":false},"excerpt":{"rendered":"<p>Paul Armand Niankou (25\/12\/1989), milieu d\u00e9fensif exp\u00e9riment\u00e9,\u00a0a sign\u00e9 ce matin un contrat d&rsquo;un an au RFC Li\u00e8ge. Ce droitier d&rsquo;origine ivoirienne, pass\u00e9,\u00a0entre autre, par le White Star de 2014 \u00e0 2017 et par Francs-Borains constitue une recrue de choix pour notre milieu de terrain. Bienvenue \u00e0 lui&#8230;<\/p>\n","protected":false},"author":9,"featured_media":11280,"comment_status":"closed","ping_status":"closed","sticky":false,"template":"","format":"standard","meta":{"iawp_total_views":2},"categories":[24],"tags":[],"_links":{"self":[{"href":"https:\/\/fcliege.be\/fr\/wp-json\/wp\/v2\/posts\/11279"}],"collection":[{"href":"https:\/\/fcliege.be\/fr\/wp-json\/wp\/v2\/posts"}],"about":[{"href":"https:\/\/fcliege.be\/fr\/wp-json\/wp\/v2\/types\/post"}],"author":[{"embeddable":true,"href":"https:\/\/fcliege.be\/fr\/wp-json\/wp\/v2\/users\/9"}],"replies":[{"embeddable":true,"href":"https:\/\/fcliege.be\/fr\/wp-json\/wp\/v2\/comments?post=11279"}],"version-history":[{"count":1,"href":"https:\/\/fcliege.be\/fr\/wp-json\/wp\/v2\/posts\/11279\/revisions"}],"predecessor-version":[{"id":11281,"href":"https:\/\/fcliege.be\/fr\/wp-json\/wp\/v2\/posts\/11279\/revisions\/11281"}],"wp:featuredmedia":[{"embeddable":true,"href":"https:\/\/fcliege.be\/fr\/wp-json\/wp\/v2\/media\/11280"}],"wp:attachment":[{"href":"https:\/\/fcliege.be\/fr\/wp-json\/wp\/v2\/media?parent=11279"}],"wp:term":[{"taxonomy":"category","embeddable":true,"href":"https:\/\/fcliege.be\/fr\/wp-json\/wp\/v2\/categories?post=11279"},{"taxonomy":"post_tag","embeddable":true,"href":"https:\/\/fcliege.be\/fr\/wp-json\/wp\/v2\/tags?post=11279"}],"curies":[{"name":"wp","href":"https:\/\/api.w.org\/{rel}","templated":true}]}}