{"id":11292,"date":"2018-07-13T12:40:15","date_gmt":"2018-07-13T11:40:15","guid":{"rendered":"http:\/\/fcliege.be\/fr\/?p=11292"},"modified":"2018-07-13T14:55:50","modified_gmt":"2018-07-13T13:55:50","slug":"rejoignez-nous-au-fan-talk-du-16-juillet-prochain","status":"publish","type":"post","link":"https:\/\/fcliege.be\/fr\/rejoignez-nous-au-fan-talk-du-16-juillet-prochain\/","title":{"rendered":"REJOIGNEZ-NOUS AU 1er FAN TALK DE LA SAISON"},"content":{"rendered":"<h5>Les entra\u00eenements de l&rsquo;\u00e9quipe premi\u00e8re reprendront le 16 juillet prochain. Une reprise dont la direction profitera pour organiser le\u00a0premier Fan Talk de la saison.<\/h5>\n<p>Vous \u00eates abonn\u00e9 pour la saison 2018-2019 et vous souhaitez rencontrer les joueurs, le staff et la direction ? Nous vous fixons donc rendez vous le 16 juillet prochain \u00e0\u00a017h00 au Stade de Rocourt.<br \/>\nEn fin de r\u00e9union, nous aurons le plaisir de partager avec vous le verre du d\u00e9but de saison et\u00a0d&rsquo;assister \u00e0 l&rsquo;entrainement de nos joueurs.<br \/>\nEnfin, si\u00a0vous avez command\u00e9 votre abonnement mais n&rsquo;avez pas pu profiter des permanences pour le retirer, sachez qu&rsquo;une nouvelle distribution sera organis\u00e9e \u00e0 l&rsquo;occasion\u00a0de ce Fan Talk.<\/p>\n<p>Pour vous inscrire, rien de plus simple : <a href=\"https:\/\/goo.gl\/forms\/d7knSFYP97eQSGRk1\">suivez ce lien<\/a> et compl\u00e9tez le bulletin d&rsquo;inscription pr\u00e9vu \u00e0 cet effet.<\/p>\n<p>A tr\u00e8s bient\u00f4t \u00e0 Rocourt !<\/p>\n","protected":false},"excerpt":{"rendered":"<p>Les entra\u00eenements de l&rsquo;\u00e9quipe premi\u00e8re reprendront le 16 juillet prochain. Une reprise dont la direction profitera pour organiser le\u00a0premier Fan Talk de la saison. Vous \u00eates abonn\u00e9 pour la saison 2018-2019 et vous souhaitez rencontrer les joueurs, le staff et la direction ? Nous vous fixons donc rendez vous le 16 juillet prochain \u00e0\u00a017h00 au [&hellip;]<\/p>\n","protected":false},"author":9,"featured_media":11294,"comment_status":"closed","ping_status":"closed","sticky":false,"template":"","format":"standard","meta":{"iawp_total_views":0},"categories":[1,24,28],"tags":[],"_links":{"self":[{"href":"https:\/\/fcliege.be\/fr\/wp-json\/wp\/v2\/posts\/11292"}],"collection":[{"href":"https:\/\/fcliege.be\/fr\/wp-json\/wp\/v2\/posts"}],"about":[{"href":"https:\/\/fcliege.be\/fr\/wp-json\/wp\/v2\/types\/post"}],"author":[{"embeddable":true,"href":"https:\/\/fcliege.be\/fr\/wp-json\/wp\/v2\/users\/9"}],"replies":[{"embeddable":true,"href":"https:\/\/fcliege.be\/fr\/wp-json\/wp\/v2\/comments?post=11292"}],"version-history":[{"count":3,"href":"https:\/\/fcliege.be\/fr\/wp-json\/wp\/v2\/posts\/11292\/revisions"}],"predecessor-version":[{"id":11296,"href":"https:\/\/fcliege.be\/fr\/wp-json\/wp\/v2\/posts\/11292\/revisions\/11296"}],"wp:featuredmedia":[{"embeddable":true,"href":"https:\/\/fcliege.be\/fr\/wp-json\/wp\/v2\/media\/11294"}],"wp:attachment":[{"href":"https:\/\/fcliege.be\/fr\/wp-json\/wp\/v2\/media?parent=11292"}],"wp:term":[{"taxonomy":"category","embeddable":true,"href":"https:\/\/fcliege.be\/fr\/wp-json\/wp\/v2\/categories?post=11292"},{"taxonomy":"post_tag","embeddable":true,"href":"https:\/\/fcliege.be\/fr\/wp-json\/wp\/v2\/tags?post=11292"}],"curies":[{"name":"wp","href":"https:\/\/api.w.org\/{rel}","templated":true}]}}