{"id":11298,"date":"2018-08-01T10:24:07","date_gmt":"2018-08-01T09:24:07","guid":{"rendered":"http:\/\/fcliege.be\/fr\/?p=11298"},"modified":"2018-08-01T13:40:56","modified_gmt":"2018-08-01T12:40:56","slug":"les-dates-a-retenir-en-aout","status":"publish","type":"post","link":"https:\/\/fcliege.be\/fr\/les-dates-a-retenir-en-aout\/","title":{"rendered":"Les dates \u00e0 retenir en ao\u00fbt"},"content":{"rendered":"<h5>Apr\u00e8s une premi\u00e8re quinzaine de juillet synonyme de repos, les activit\u00e9s ont repris de plus belle depuis le 16 juillet dernier.<br \/>\nMatchs amicaux, stages,\u00a0rencontre avec les supporters, &#8230; vous aurez l&#8217;embarras du choix pour la suite des vacances.<br \/>\nAlors, \u00e0 vos agendas !<\/h5>\n<p>Mercredi 1er ao\u00fbt :\u00a0Reprise des entra\u00eenements pour les cat\u00e9gories U6, U7, U8 et U9<br \/>\nMercredi 1er ao\u00fbt &#8211; 19h30 : RFCL &#8211; Soli\u00e8res<br \/>\nWeek-end du 12 ao\u00fbt : Entr\u00e9e en Coupe de Belgique<br \/>\nMardi 14 ao\u00fbt : Tongres &#8211; RFCL<br \/>\nWeek-end du 19\u00a0ao\u00fbt : Coupe de Belgique<br \/>\nDu 20\u00a0au 24 ao\u00fbt\u00a0: <span style=\"color: #ff0000;\"><a style=\"color: #ff0000;\" href=\"https:\/\/fcliege.be\/fr\/stage-ete-2018\/\">Stage d&rsquo;\u00e9t\u00e9 100% foot<\/a><\/span><br \/>\nMercredi 22 ao\u00fbt : Stockay &#8211; RFCL<br \/>\nSamedi 25 ao\u00fbt &#8211; de 10h00 \u00e0 18h00 : Fan Day au Stade de Rocourt<\/p>\n","protected":false},"excerpt":{"rendered":"<p>Apr\u00e8s une premi\u00e8re quinzaine de juillet synonyme de repos, les activit\u00e9s ont repris de plus belle depuis le 16 juillet dernier. Matchs amicaux, stages,\u00a0rencontre avec les supporters, &#8230; vous aurez l&#8217;embarras du choix pour la suite des vacances. Alors, \u00e0 vos agendas ! Mercredi 1er ao\u00fbt :\u00a0Reprise des entra\u00eenements pour les cat\u00e9gories U6, U7, U8 [&hellip;]<\/p>\n","protected":false},"author":9,"featured_media":11302,"comment_status":"closed","ping_status":"closed","sticky":false,"template":"","format":"standard","meta":{"iawp_total_views":5},"categories":[1,24],"tags":[],"_links":{"self":[{"href":"https:\/\/fcliege.be\/fr\/wp-json\/wp\/v2\/posts\/11298"}],"collection":[{"href":"https:\/\/fcliege.be\/fr\/wp-json\/wp\/v2\/posts"}],"about":[{"href":"https:\/\/fcliege.be\/fr\/wp-json\/wp\/v2\/types\/post"}],"author":[{"embeddable":true,"href":"https:\/\/fcliege.be\/fr\/wp-json\/wp\/v2\/users\/9"}],"replies":[{"embeddable":true,"href":"https:\/\/fcliege.be\/fr\/wp-json\/wp\/v2\/comments?post=11298"}],"version-history":[{"count":7,"href":"https:\/\/fcliege.be\/fr\/wp-json\/wp\/v2\/posts\/11298\/revisions"}],"predecessor-version":[{"id":11381,"href":"https:\/\/fcliege.be\/fr\/wp-json\/wp\/v2\/posts\/11298\/revisions\/11381"}],"wp:featuredmedia":[{"embeddable":true,"href":"https:\/\/fcliege.be\/fr\/wp-json\/wp\/v2\/media\/11302"}],"wp:attachment":[{"href":"https:\/\/fcliege.be\/fr\/wp-json\/wp\/v2\/media?parent=11298"}],"wp:term":[{"taxonomy":"category","embeddable":true,"href":"https:\/\/fcliege.be\/fr\/wp-json\/wp\/v2\/categories?post=11298"},{"taxonomy":"post_tag","embeddable":true,"href":"https:\/\/fcliege.be\/fr\/wp-json\/wp\/v2\/tags?post=11298"}],"curies":[{"name":"wp","href":"https:\/\/api.w.org\/{rel}","templated":true}]}}