{"id":11336,"date":"2018-07-12T12:55:11","date_gmt":"2018-07-12T11:55:11","guid":{"rendered":"http:\/\/fcliege.be\/fr\/?p=11336"},"modified":"2018-07-12T13:06:55","modified_gmt":"2018-07-12T12:06:55","slug":"retrait-des-abonnements-ou-et-quand","status":"publish","type":"post","link":"https:\/\/fcliege.be\/fr\/retrait-des-abonnements-ou-et-quand\/","title":{"rendered":"Retrait des abonnements : o\u00f9 et quand ?"},"content":{"rendered":"<h4>Ca y est&#8230; nous avons d\u00e9pass\u00e9 le nombre d&rsquo;abonn\u00e9s de la saison derni\u00e8re ! Maintenant, cap sur les 1000&#8230;<\/h4>\n<p>Si\u00a0vous avez command\u00e9 votre abonnement mais n&rsquo;avez pas pu profiter des permanences pr\u00e9c\u00e9dentes pour le retirer, nous vous rappelons que de nouvelles distributions seront organis\u00e9es\u00a0la semaine prochaine.<\/p>\n<p>&#8211; Lundi 16 juillet &#8211; A l&rsquo;occasion du <strong>Fan Talk<\/strong> &#8211; de 17h00 \u00e0 19h00 &#8211; Chapiteau du Stade de Rocourt<br \/>\nPour nous rejoindre \u00e0 cette occasion, pensez \u00e0 vous\u00a0inscrire en\u00a0<a href=\"https:\/\/goo.gl\/forms\/d7knSFYP97eQSGRk1\">suivant ce lien<\/a><br \/>\n&#8211; Mardi 17 juillet &#8211;\u00a0de 15h00 \u00e0 18h00 &#8211; Caf\u00e9t\u00e9ria du Stade de Rocourt<br \/>\n&#8211; Mercredi 18 juillet &#8211;\u00a0de 15h00 \u00e0 18h00 &#8211; Caf\u00e9t\u00e9ria du Stade de Rocourt<br \/>\n&#8211; Jeudi 19\u00a0juillet &#8211;\u00a0de 15h00 \u00e0 18h00 &#8211; Caf\u00e9t\u00e9ria du Stade de Rocourt<\/p>\n<h5>Vous n&rsquo;avez pas encore command\u00e9 votre abonnement?<\/h5>\n<p>Pas de souci, il vous reste quelques semaines pour rejoindre la famille Sang et Marine en\u00a0introduisant votre demande par le biais du formulaire pr\u00e9vu \u00e0 cet effet.<\/p>\n<p>Pour ce faire, rendez-vous sur la\u00a0<a href=\"https:\/\/fcliege.be\/fr\/ticketing\/\">page \u00ab\u00a0Ticketing-Abonnement\u00a0\u00bb<\/a>\u00a0de ce site.\u00a0Vous y trouverez toutes les infos pratiques pour souscrire votre abonnement.<\/p>\n<p><strong>Pour rappel, 3 possibilit\u00e9s s&rsquo;offrent \u00e0 vous :<\/strong><\/p>\n<p><strong>\u00a0 \u00a0 \u2022 \u00a0<\/strong>Abonnement en tribune debout &#8211; 130 euros<br \/>\n<strong>\u00a0 \u00a0 \u2022 \u00a0<\/strong>Abonnement en tribune assise &#8211; 235 euros<br \/>\n<strong>\u00a0 \u00a0 \u2022 \u00a0<\/strong>Abonnement \u00ab\u00a0soutien\u00a0\u00bb en tribune assise &#8211; 245 euros<\/p>\n<p>A tr\u00e8s bient\u00f4t \u00e0 Rocourt !<\/p>\n<p>&nbsp;<\/p>\n","protected":false},"excerpt":{"rendered":"<p>Ca y est&#8230; nous avons d\u00e9pass\u00e9 le nombre d&rsquo;abonn\u00e9s de la saison derni\u00e8re ! Maintenant, cap sur les 1000&#8230; Si\u00a0vous avez command\u00e9 votre abonnement mais n&rsquo;avez pas pu profiter des permanences pr\u00e9c\u00e9dentes pour le retirer, nous vous rappelons que de nouvelles distributions seront organis\u00e9es\u00a0la semaine prochaine. &#8211; Lundi 16 juillet &#8211; A l&rsquo;occasion du Fan [&hellip;]<\/p>\n","protected":false},"author":9,"featured_media":11269,"comment_status":"closed","ping_status":"closed","sticky":false,"template":"","format":"standard","meta":{"iawp_total_views":5},"categories":[1,24],"tags":[],"_links":{"self":[{"href":"https:\/\/fcliege.be\/fr\/wp-json\/wp\/v2\/posts\/11336"}],"collection":[{"href":"https:\/\/fcliege.be\/fr\/wp-json\/wp\/v2\/posts"}],"about":[{"href":"https:\/\/fcliege.be\/fr\/wp-json\/wp\/v2\/types\/post"}],"author":[{"embeddable":true,"href":"https:\/\/fcliege.be\/fr\/wp-json\/wp\/v2\/users\/9"}],"replies":[{"embeddable":true,"href":"https:\/\/fcliege.be\/fr\/wp-json\/wp\/v2\/comments?post=11336"}],"version-history":[{"count":3,"href":"https:\/\/fcliege.be\/fr\/wp-json\/wp\/v2\/posts\/11336\/revisions"}],"predecessor-version":[{"id":11339,"href":"https:\/\/fcliege.be\/fr\/wp-json\/wp\/v2\/posts\/11336\/revisions\/11339"}],"wp:featuredmedia":[{"embeddable":true,"href":"https:\/\/fcliege.be\/fr\/wp-json\/wp\/v2\/media\/11269"}],"wp:attachment":[{"href":"https:\/\/fcliege.be\/fr\/wp-json\/wp\/v2\/media?parent=11336"}],"wp:term":[{"taxonomy":"category","embeddable":true,"href":"https:\/\/fcliege.be\/fr\/wp-json\/wp\/v2\/categories?post=11336"},{"taxonomy":"post_tag","embeddable":true,"href":"https:\/\/fcliege.be\/fr\/wp-json\/wp\/v2\/tags?post=11336"}],"curies":[{"name":"wp","href":"https:\/\/api.w.org\/{rel}","templated":true}]}}