{"id":11349,"date":"2018-07-18T16:59:58","date_gmt":"2018-07-18T15:59:58","guid":{"rendered":"http:\/\/fcliege.be\/fr\/?p=11349"},"modified":"2018-07-18T17:00:34","modified_gmt":"2018-07-18T16:00:34","slug":"edj-cest-la-reprise","status":"publish","type":"post","link":"https:\/\/fcliege.be\/fr\/edj-cest-la-reprise\/","title":{"rendered":"EDJ : C&rsquo;EST LA REPRISE !"},"content":{"rendered":"<p>Apr\u00e8s l&rsquo;\u00e9quipe premi\u00e8re et la r\u00e9serve, c&rsquo;est au tour des\u00a0jeunes joueurs de l&rsquo;EDJ de reprendre le chemin des terrains.<\/p>\n<p>Les entra\u00eenements reprendront ce lundi 23 juillet pour les cat\u00e9gories U10, U11, U12, U13, U14, U15, U16, U17, U19.<\/p>\n<p>Les cat\u00e9gories U6, U7, U8 et U9 reprendront les entra\u00eenements le mercredi 1er ao\u00fbt.<\/p>\n","protected":false},"excerpt":{"rendered":"<p>Apr\u00e8s l&rsquo;\u00e9quipe premi\u00e8re et la r\u00e9serve, c&rsquo;est au tour des\u00a0jeunes joueurs de l&rsquo;EDJ de reprendre le chemin des terrains. Les entra\u00eenements reprendront ce lundi 23 juillet pour les cat\u00e9gories U10, U11, U12, U13, U14, U15, U16, U17, U19. Les cat\u00e9gories U6, U7, U8 et U9 reprendront les entra\u00eenements le mercredi 1er ao\u00fbt.<\/p>\n","protected":false},"author":9,"featured_media":11351,"comment_status":"closed","ping_status":"closed","sticky":false,"template":"","format":"standard","meta":{"iawp_total_views":0},"categories":[24,23],"tags":[],"_links":{"self":[{"href":"https:\/\/fcliege.be\/fr\/wp-json\/wp\/v2\/posts\/11349"}],"collection":[{"href":"https:\/\/fcliege.be\/fr\/wp-json\/wp\/v2\/posts"}],"about":[{"href":"https:\/\/fcliege.be\/fr\/wp-json\/wp\/v2\/types\/post"}],"author":[{"embeddable":true,"href":"https:\/\/fcliege.be\/fr\/wp-json\/wp\/v2\/users\/9"}],"replies":[{"embeddable":true,"href":"https:\/\/fcliege.be\/fr\/wp-json\/wp\/v2\/comments?post=11349"}],"version-history":[{"count":2,"href":"https:\/\/fcliege.be\/fr\/wp-json\/wp\/v2\/posts\/11349\/revisions"}],"predecessor-version":[{"id":11352,"href":"https:\/\/fcliege.be\/fr\/wp-json\/wp\/v2\/posts\/11349\/revisions\/11352"}],"wp:featuredmedia":[{"embeddable":true,"href":"https:\/\/fcliege.be\/fr\/wp-json\/wp\/v2\/media\/11351"}],"wp:attachment":[{"href":"https:\/\/fcliege.be\/fr\/wp-json\/wp\/v2\/media?parent=11349"}],"wp:term":[{"taxonomy":"category","embeddable":true,"href":"https:\/\/fcliege.be\/fr\/wp-json\/wp\/v2\/categories?post=11349"},{"taxonomy":"post_tag","embeddable":true,"href":"https:\/\/fcliege.be\/fr\/wp-json\/wp\/v2\/tags?post=11349"}],"curies":[{"name":"wp","href":"https:\/\/api.w.org\/{rel}","templated":true}]}}