{"id":11390,"date":"2018-08-06T09:54:13","date_gmt":"2018-08-06T08:54:13","guid":{"rendered":"http:\/\/fcliege.be\/fr\/?p=11390"},"modified":"2018-08-06T09:56:22","modified_gmt":"2018-08-06T08:56:22","slug":"arthur-cremer-gardien","status":"publish","type":"post","link":"https:\/\/fcliege.be\/fr\/arthur-cremer-gardien\/","title":{"rendered":"UNE RENCONTRE, UN JOUEUR &#8211; Arthur Cremer, gardien"},"content":{"rendered":"<h4 style=\"text-align: justify;\">Carte de visite<\/h4>\n<p style=\"text-align: justify;\">N\u00e9 le 18.08.2000 \u00e0 Verviers<\/p>\n<div class=\"\">Parcours sportif :<\/div>\n<div class=\"\"><span class=\"\">FC JEHANSTER (8961) 09.09.2005\/30.10.2007<br \/>\n<\/span>R ASSOCIATION FOOTBALL FRANCHIMONTOIS (14) puis, apr\u00e8s fusion en 2013 avec FC DE LA REID (7559),<br \/>\nR A.F. FRANCIMONTOIS (14) 19.09.2009\/29.04.2017<br \/>\nR CERCLE SPORTIF VERVIETOIS (8) 01.07.2012\/27.06.2015 (pr\u00eat)<br \/>\n<span class=\"\">R FC DE LIEGE (4)<\/span><span class=\"x_x_x_xapple-converted-space\">\u00a0<\/span>12.08.2015\/30.06.2016 (pr\u00eat)<br \/>\nR EXCELSIOR VIRTON (200) 12.08.2016\/29.04.2017 (pr\u00eat)<br \/>\nR EXCELSIOR VIRTON (200)\u00a0 18.07.2017\/17.04.2018<br \/>\n<span class=\"\">R FC DE LIEGE (4)<\/span><span class=\"x_x_x_xapple-converted-space\">\u00a0<\/span>30.03.2018\/17.04.2018 (pr\u00eat)<br \/>\n<span class=\"\">R FC DE LIEGE (4)<\/span><span class=\"x_x_x_xapple-converted-space\">\u00a0<\/span>22.06.2018\/(2020)<\/div>\n<p style=\"text-align: justify;\">(sources : Foot 100 asbl)<\/p>\n<h4 style=\"text-align: justify;\">A coeur ouvert&#8230;<\/h4>\n<p style=\"text-align: justify;\"><b>Avant votre arriv\u00e9e au RFC DE LIEGE en mars 2018, vous aviez d\u00e9j\u00e0 connu le club de Rocourt. Quels souvenirs en gardez-vous, alors que vous n&rsquo;aviez pas 15 ans ?<\/b><\/p>\n<p style=\"text-align: justify;\">Je ne suis rest\u00e9 qu&rsquo;un an. En \u00e9quipe de jeunes, je n&rsquo;\u00e9tais que quatri\u00e8me gardien et l&rsquo;ambiance \u00e9tait un peu particuli\u00e8re entre joueurs.<\/p>\n<p style=\"text-align: justify;\">Cependant, je garde un excellent souvenir : le coaching de Robert Coutereels qui s&rsquo;occupait des U19 et m&rsquo;a emmen\u00e9 avec lui pour les entra\u00eenements ; je montais de cat\u00e9gorie et \u00e7a me plaisait beaucoup d&rsquo;\u00eatre avec un coach comme lui. L&rsquo;ambiance change dans le monde adulte.<\/p>\n<p style=\"text-align: justify;\"><b>Apr\u00e8s cela, vous \u00eates pass\u00e9 deux ans \u00e0 VIRTON, qui est un club ambitieux. En mars 2018, vous l&rsquo;avez quitt\u00e9. Pourquoi revenir \u00e0 Rocourt ?<\/b><\/p>\n<p style=\"text-align: justify;\">Ga\u00ebtan Englebert m&rsquo;a contact\u00e9 pour me proposer une place de deuxi\u00e8me gardien (NDLR : Romain Matthys \u00e9tait bless\u00e9; Maxime Crahay avait quitt\u00e9 le club pour le football allemand et Jeffrey Baltus dut \u00eatre appel\u00e9 \u00e0 la rescousse).<\/p>\n<p style=\"text-align: justify;\">Je trouvais cela une belle \u00e9tape dans ma progression malgr\u00e9 le fait que ce soit une D2 amateurs mais je n&rsquo;ai pas fait attention \u00e0 cela parce que Li\u00e8ge est un club ambitieux et je savais qu&rsquo;il allait monter t\u00f4t ou tard. J&rsquo;ai cru que si on m&rsquo;appelait ce n&rsquo;\u00e9tait pas pour rien. Li\u00e8ge est un club que j&rsquo;appr\u00e9cie beaucoup. Aujourd&rsquo;hui, je constate que cela se passe bien et que je m&rsquo;int\u00e8gre id\u00e9alement.<\/p>\n<p style=\"text-align: justify;\"><b>Vous parlez de l&rsquo;ambition du club et de vos espoirs de progression, quels sont justement vos projets sportifs ?<\/b><\/p>\n<p style=\"text-align: justify;\">Je n&rsquo;ai pas de projets-limite; je veux aller le plus haut possible et me donner les moyens d&rsquo;y arriver. Venir \u00e0 Li\u00e8ge, c&rsquo;est le bon choix : un CV avec \u00ab\u00a0pass\u00e9 \u00e0 Li\u00e8ge\u00a0\u00bb, c&rsquo;est une bonne carte de visite !<\/p>\n<p style=\"text-align: justify;\">Je crois en moi. Sans exc\u00e8s. Je sais que je dois m&rsquo;am\u00e9liorer mais je ne veux pas me fixer de limites<\/p>\n<p style=\"text-align: justify;\"><b>Vous avez 17 ans. Qu&rsquo;en est-il de vos \u00e9tudes ?<\/b><\/p>\n<p style=\"text-align: justify;\">Je suis en \u00e9tudes g\u00e9n\u00e9rales mais je ne sais pas encore quelle orientation prendre. Peut-\u00eatre la kin\u00e9sith\u00e9rapie ou les sciences. Mais je ne suis s\u00fbr de rien. Mon avenir aux \u00e9tudes est encore flou. La plupart de mes amis privil\u00e9gie l&rsquo;\u00e9cole. Je ne n\u00e9glige pas cela, \u00e9videmment.<\/p>\n<p style=\"text-align: justify;\">Mais mon plan A, c&rsquo;est le football. Je verrai ce que l&rsquo;avenir me donnera dans le sport et ensuite, si \u00e7a ne marche pas, j&rsquo;aurai fait ce qu&rsquo;il fallait pour pouvoir m&rsquo;orienter vers les \u00e9tudes.<\/p>\n<p style=\"text-align: justify;\"><b>Pierre Drouguet \u00e0 jou\u00e9 plus de 300 matches en D1 avec Li\u00e8ge, Malines, Courtrai et le Beerschot ; il remporta la Coupe de la Ligue Pro et fut finaliste de la Coupe en 1988 avec le RFCL. Il \u00e9tait, quand Malines remporta la Coupe des Coupes Europ\u00e9enne en 1988, la doublure du plus grand gardien de but au monde de 1994. Il est aujourd&rsquo;hui votre\u00a0entra\u00eeneur des gardiens. Qu&rsquo;apprenez-vous \u00e0 son contact ?<\/b><\/p>\n<p style=\"text-align: justify;\">Des personnes d&rsquo;un tel niveau, je ne peux que les \u00e9couter avec attention. Monsieur Drouguet force le respect. Avec lui, j&rsquo;ai progress\u00e9 dans tous les domaines et en tr\u00e8s peu de temps.<\/p>\n<p style=\"text-align: justify;\">Il est tr\u00e8s proche des gardiens et cela nous met en confiance. Quand j&rsquo;applique ses conseils, je deviens plus efficace.<\/p>\n<p style=\"text-align: justify;\"><b>Avez-vous des hobbies ?<\/b><\/p>\n<p style=\"text-align: justify;\">Avec le foot et les \u00e9tudes, je n&rsquo;ai pas beaucoup de choix..<\/p>\n<p style=\"text-align: justify;\">Quand je pars en vacances, je ne fais pas trop de foot mais j&rsquo;aime le tennis, le sky, &#8230;; en fait, j&rsquo;aime tous les sports !<\/p>\n","protected":false},"excerpt":{"rendered":"<p>Carte de visite N\u00e9 le 18.08.2000 \u00e0 Verviers Parcours sportif : FC JEHANSTER (8961) 09.09.2005\/30.10.2007 R ASSOCIATION FOOTBALL FRANCHIMONTOIS (14) puis, apr\u00e8s fusion en 2013 avec FC DE LA REID (7559), R A.F. FRANCIMONTOIS (14) 19.09.2009\/29.04.2017 R CERCLE SPORTIF VERVIETOIS (8) 01.07.2012\/27.06.2015 (pr\u00eat) R FC DE LIEGE (4)\u00a012.08.2015\/30.06.2016 (pr\u00eat) R EXCELSIOR VIRTON (200) 12.08.2016\/29.04.2017 (pr\u00eat) [&hellip;]<\/p>\n","protected":false},"author":9,"featured_media":0,"comment_status":"closed","ping_status":"closed","sticky":false,"template":"","format":"standard","meta":{"iawp_total_views":4},"categories":[1,32],"tags":[],"_links":{"self":[{"href":"https:\/\/fcliege.be\/fr\/wp-json\/wp\/v2\/posts\/11390"}],"collection":[{"href":"https:\/\/fcliege.be\/fr\/wp-json\/wp\/v2\/posts"}],"about":[{"href":"https:\/\/fcliege.be\/fr\/wp-json\/wp\/v2\/types\/post"}],"author":[{"embeddable":true,"href":"https:\/\/fcliege.be\/fr\/wp-json\/wp\/v2\/users\/9"}],"replies":[{"embeddable":true,"href":"https:\/\/fcliege.be\/fr\/wp-json\/wp\/v2\/comments?post=11390"}],"version-history":[{"count":3,"href":"https:\/\/fcliege.be\/fr\/wp-json\/wp\/v2\/posts\/11390\/revisions"}],"predecessor-version":[{"id":11394,"href":"https:\/\/fcliege.be\/fr\/wp-json\/wp\/v2\/posts\/11390\/revisions\/11394"}],"wp:attachment":[{"href":"https:\/\/fcliege.be\/fr\/wp-json\/wp\/v2\/media?parent=11390"}],"wp:term":[{"taxonomy":"category","embeddable":true,"href":"https:\/\/fcliege.be\/fr\/wp-json\/wp\/v2\/categories?post=11390"},{"taxonomy":"post_tag","embeddable":true,"href":"https:\/\/fcliege.be\/fr\/wp-json\/wp\/v2\/tags?post=11390"}],"curies":[{"name":"wp","href":"https:\/\/api.w.org\/{rel}","templated":true}]}}