{"id":11422,"date":"2018-08-14T15:32:18","date_gmt":"2018-08-14T14:32:18","guid":{"rendered":"http:\/\/fcliege.be\/fr\/?p=11422"},"modified":"2018-08-14T15:35:29","modified_gmt":"2018-08-14T14:35:29","slug":"une-rencontre-un-joueur-matteo-raia","status":"publish","type":"post","link":"https:\/\/fcliege.be\/fr\/une-rencontre-un-joueur-matteo-raia\/","title":{"rendered":"UNE RENCONTRE, UN JOUEUR &#8211; Matteo Raia"},"content":{"rendered":"<h4><a href=\"https:\/\/fcliege.be\/fr\/wp-content\/uploads\/2018\/08\/image1.jpeg\"><img decoding=\"async\" loading=\"lazy\" class=\"alignleft wp-image-11429 size-medium\" src=\"https:\/\/fcliege.be\/fr\/wp-content\/uploads\/2018\/08\/image1-241x300.jpeg\" alt=\"image1\" width=\"241\" height=\"300\" srcset=\"https:\/\/fcliege.be\/fr\/wp-content\/uploads\/2018\/08\/image1-241x300.jpeg 241w, https:\/\/fcliege.be\/fr\/wp-content\/uploads\/2018\/08\/image1.jpeg 516w\" sizes=\"(max-width: 241px) 100vw, 241px\" \/><\/a>Carte de visite<\/h4>\n<p>N\u00e9 le 06.09.1999\u00a0\u00e0\u00a0Li\u00e8ge<\/p>\n<p><strong>Parcours sportif :<\/strong><\/p>\n<p>CLUB SPORTIF DU SART-TILMAN (6963) 26.09.2005\/10.04.2008<br \/>\nR FC SERESIEN (23) 26.06.2008\/20.04.2012<br \/>\nCLUB SPORTIF DU SART-TILMAN (6963) 01.07.2011\/20.04.2012 (pr\u00eat)<br \/>\nCLUB SPORTIF DU SART-TILMAN (6963) 08.05.2012\/30.04.2018<br \/>\nR FC DE LIEGE (4) 14.08.2014\/30.06.2016 (pr\u00eat), 16.07.2016\/30.06.2017 (pr\u00eat), 17.07.2017\/30.04.2018 (pr\u00eat)<br \/>\nR FC DE LIEGE (4)\u00a023.07.2018\/(2019)<\/p>\n<p>(sources : Foot 100 asbl)<\/p>\n<h4>A coeur ouvert\u2026<\/h4>\n<p><strong>N\u00e9 \u00e0 Li\u00e8ge, o\u00f9 habitez-vous, Matteo ?<\/strong><\/p>\n<p>Dans la r\u00e9gion de Seraing.<\/p>\n<p><strong>Vous avez d\u00e9but\u00e9 au CS SART-TILMAN avec un passage au R FC SERESIEN (l&rsquo;ancien SERAING RUL). Vous n&rsquo;aviez pas 14 ans quand vous \u00eates arriv\u00e9 au R FC DE LIEGE. Etait-ce vous qui aviez pris la d\u00e9cision ou on est venu vous chercher ?<\/strong><\/p>\n<p>On est venu me chercher ! Quand j&rsquo;\u00e9tais au CS SART-TILMAN, je fus appel\u00e9 en s\u00e9lection provinciale o\u00f9 l&rsquo;on m&rsquo;a remarqu\u00e9. J&rsquo;ai \u00e9t\u00e9 appel\u00e9 par plusieurs clubs mais c&rsquo;est le RFCL qui m&rsquo;a plu. A ce moment, le club s&rsquo;entra\u00eenait \u00e0 Waremme. Il estimait n&rsquo;\u00eatre pas \u00e0 sa bonne place et avait l&rsquo;ambition de monter; j&rsquo;ai voulu prendre part au projet.<\/p>\n<p><strong>Quels sont vos projets sportifs ?<\/strong><\/p>\n<p>Mon objectif est de devenir footballeur professionnel, d&rsquo;aller le plus loin possible et de saisir ma chance. Je ne me mets pas de limite en ayant quand m\u00eame les \u00e9tudes de c\u00f4t\u00e9 en cas d&rsquo;insucc\u00e8s.<\/p>\n<p><strong>Quelles \u00e9tudes suivez-vous, justement ?<\/strong><\/p>\n<p>Je vais \u00eatre dipl\u00f4m\u00e9 \u00e0 Sainte-V\u00e9ronique. Et apr\u00e8s, je me lancerai dans trois ann\u00e9es d&rsquo;\u00e9tudes pour devenir comptable.<\/p>\n<p><strong>Vous avez, cette saison 2018\/2019, jou\u00e9 quelques matches amicaux avec l&rsquo;\u00e9quipe premi\u00e8re. Depuis quatre ans, avez-vous le sentiment d&rsquo;avoir progress\u00e9 ?<\/strong><\/p>\n<p>Oui, beaucoup, beaucoup ! Parce que tout a chang\u00e9. Ce n&rsquo;est plus la m\u00eame philosophie de jeu. Avant, j&rsquo;\u00e9tais un gar\u00e7on qui courait beaucoup, qui ne jouait pas souvent technique et qui ne connaissait aucune tactique. Quand je suis arriv\u00e9 \u00e0 Li\u00e8ge, j&rsquo;ai \u00e9t\u00e9 bien encadr\u00e9, surtout par l&rsquo;entra\u00eeneur de l&rsquo;\u00e9quipe B Fabrice Cristallini. Si j&rsquo;ai le jeu d&rsquo;aujourd&rsquo;hui et que je suis int\u00e9gr\u00e9 \u00e0 l&rsquo;\u00e9quipe premi\u00e8re, c&rsquo;est en grande partie gr\u00e2ce \u00e0 lui. Je peux lui dire merci.<\/p>\n<p><strong>Actuellement, avec quelle \u00e9quipe vous entra\u00eenez-vous ?<\/strong><\/p>\n<p>Je ne m&rsquo;entra\u00eene qu&rsquo;avec la premi\u00e8re. Je ne redescendrai dans l&rsquo;\u00e9quipe B que lors des matches de championnats pour comptabiliser les nonante minutes de jeu et en esp\u00e9rant arriver au moins sur le banc pour la premi\u00e8re.<\/p>\n<p><strong>A part je football, quels sont vos hobbies ?<\/strong><\/p>\n<p>Je suis fort proche de mes amis d&rsquo;enfance et j&rsquo;aime bien rester avec eux quelles que soient les activit\u00e9s qui nous rassemblent. Du moment que cela me change les id\u00e9es. Mes amis et ma famille, c&rsquo;est suffisant pour moi.<\/p>\n<p><strong>\u00cates-vous parti en vacances ?<\/strong><\/p>\n<p>Oui, en Espagne. Mais habituellement, je me rends \u00e0 Catane en Sicile d&rsquo;o\u00f9 ma famille est originaire.<\/p>\n<p><strong>Parlez-vous italien ?<\/strong><\/p>\n<p>Non, le Sicilien ! Mais j&rsquo;envisage de suivre bient\u00f4t des cours d&rsquo;italien.<\/p>\n<p>Voil\u00e0 qui fera plaisir \u00e0 de nombreux supporters RFCL et, en particulier, \u00e0 Andrea Morreale, le statisticien du club !<\/p>\n<p>&nbsp;<\/p>\n","protected":false},"excerpt":{"rendered":"<p>Carte de visite N\u00e9 le 06.09.1999\u00a0\u00e0\u00a0Li\u00e8ge Parcours sportif : CLUB SPORTIF DU SART-TILMAN (6963) 26.09.2005\/10.04.2008 R FC SERESIEN (23) 26.06.2008\/20.04.2012 CLUB SPORTIF DU SART-TILMAN (6963) 01.07.2011\/20.04.2012 (pr\u00eat) CLUB SPORTIF DU SART-TILMAN (6963) 08.05.2012\/30.04.2018 R FC DE LIEGE (4) 14.08.2014\/30.06.2016 (pr\u00eat), 16.07.2016\/30.06.2017 (pr\u00eat), 17.07.2017\/30.04.2018 (pr\u00eat) R FC DE LIEGE (4)\u00a023.07.2018\/(2019) (sources : Foot 100 asbl) A [&hellip;]<\/p>\n","protected":false},"author":9,"featured_media":0,"comment_status":"closed","ping_status":"closed","sticky":false,"template":"","format":"standard","meta":{"iawp_total_views":9},"categories":[32,28],"tags":[],"_links":{"self":[{"href":"https:\/\/fcliege.be\/fr\/wp-json\/wp\/v2\/posts\/11422"}],"collection":[{"href":"https:\/\/fcliege.be\/fr\/wp-json\/wp\/v2\/posts"}],"about":[{"href":"https:\/\/fcliege.be\/fr\/wp-json\/wp\/v2\/types\/post"}],"author":[{"embeddable":true,"href":"https:\/\/fcliege.be\/fr\/wp-json\/wp\/v2\/users\/9"}],"replies":[{"embeddable":true,"href":"https:\/\/fcliege.be\/fr\/wp-json\/wp\/v2\/comments?post=11422"}],"version-history":[{"count":6,"href":"https:\/\/fcliege.be\/fr\/wp-json\/wp\/v2\/posts\/11422\/revisions"}],"predecessor-version":[{"id":11431,"href":"https:\/\/fcliege.be\/fr\/wp-json\/wp\/v2\/posts\/11422\/revisions\/11431"}],"wp:attachment":[{"href":"https:\/\/fcliege.be\/fr\/wp-json\/wp\/v2\/media?parent=11422"}],"wp:term":[{"taxonomy":"category","embeddable":true,"href":"https:\/\/fcliege.be\/fr\/wp-json\/wp\/v2\/categories?post=11422"},{"taxonomy":"post_tag","embeddable":true,"href":"https:\/\/fcliege.be\/fr\/wp-json\/wp\/v2\/tags?post=11422"}],"curies":[{"name":"wp","href":"https:\/\/api.w.org\/{rel}","templated":true}]}}