{"id":11584,"date":"2018-09-16T10:24:15","date_gmt":"2018-09-16T09:24:15","guid":{"rendered":"http:\/\/fcliege.be\/fr\/?p=11584"},"modified":"2018-09-19T19:58:46","modified_gmt":"2018-09-19T18:58:46","slug":"lierse-kempenzonen-rfcl-l-0-0-l-resume-et-webtv","status":"publish","type":"post","link":"https:\/\/fcliege.be\/fr\/lierse-kempenzonen-rfcl-l-0-0-l-resume-et-webtv\/","title":{"rendered":"Lierse Kempenzonen &#8211; RFCL l 0-0 l R\u00e9sum\u00e9 et WebTv"},"content":{"rendered":"<p>Dans la rubrique hebdomadaire \u00ab\u00a0UNE RENCONTRE, UN JOUEUR\u00a0\u00bb que nous lirons demain, Yoshi Mari\u00ebn nous dira sa confiance en l&rsquo;\u00e9quipe en affirmant qu&rsquo;elle s&rsquo;am\u00e9liore de match en match; il a raison : dans un match disput\u00e9 qui nous fait aimer le football, nos Rouge et Bleu ont jou\u00e9 avec volont\u00e9 et qualit\u00e9 mieux encore que les matches pr\u00e9c\u00e9dents.<\/p>\n<p>Face \u00e0 une \u00e9quipe qui comptait six anciens titulaires de D1 Pro (Wout Bastiaens, Jarno Molenberghs, Yoni Buyens, Thomas Wils, Francesco D&rsquo;Onofrio et Jasper Sols), nos joueurs ont fait jeu \u00e9gal et m\u00e9rit\u00e9 leur premier point dans cette division 1 amateurs, nettement sup\u00e9rieure \u00e0 celle que nous venons de quitter.<\/p>\n<p>Mais l&rsquo;aurions-nous gagner, ce premier point, sans le brio de \u00ab\u00a0Kakou\u00a0\u00bb Matthys qui bloqua un penalty et, tout le match, multiplia les arr\u00eats de classe (qui ont du entretenir la confiance de Yoshi !) ?<\/p>\n<p>Peut-on regretter la perte de deux points avec le tir sur le poteau de Curtis Kabeya ?<\/p>\n<p>Un match encourageant de notre \u00e9quipe et un superbe cadeau \u00e0 leur Capitaine Eric Vandebon qui \u00e9tait rest\u00e9 aupr\u00e8s de son \u00e9pouse pour conna\u00eetre le visage d&rsquo;Auguste, un futur Rouge et Bleu, sans aucun doute !<\/p>\n<p>La compo : Romain Matthys, Arnaud Winandts, Sergio Teruel Diaz, Benjamin Van den Ackerveken, Randy Giargiana, Beno\u00eet Bruggeman (69&prime; Yadi Bangoura), Yoshi Mari\u00ebn (84&prime; Jordan Bustin), Curtis Kabeya (75&prime; Simon Ligot), Damien Mouchamps, Emmanuel Massa, Jonathan D&rsquo;Ostilio.<\/p>\n<p>(Cartes jaunes : D&rsquo;Ostilio, Giargiana)<\/p>\n<div class=\"embed\"><div class=\"video\"><iframe width=\"560\" height=\"315\" src=\"http:\/\/www.youtube.com\/embed\/nziROc3vg94\" frameborder=\"0\" allowfullscreen><\/iframe><\/div><\/div>\n","protected":false},"excerpt":{"rendered":"<p>Dans la rubrique hebdomadaire \u00ab\u00a0UNE RENCONTRE, UN JOUEUR\u00a0\u00bb que nous lirons demain, Yoshi Mari\u00ebn nous dira sa confiance en l&rsquo;\u00e9quipe en affirmant qu&rsquo;elle s&rsquo;am\u00e9liore de match en match; il a raison : dans un match disput\u00e9 qui nous fait aimer le football, nos Rouge et Bleu ont jou\u00e9 avec volont\u00e9 et qualit\u00e9 mieux encore que [&hellip;]<\/p>\n","protected":false},"author":9,"featured_media":0,"comment_status":"closed","ping_status":"closed","sticky":false,"template":"","format":"video","meta":{"iawp_total_views":0},"categories":[1,27],"tags":[],"_links":{"self":[{"href":"https:\/\/fcliege.be\/fr\/wp-json\/wp\/v2\/posts\/11584"}],"collection":[{"href":"https:\/\/fcliege.be\/fr\/wp-json\/wp\/v2\/posts"}],"about":[{"href":"https:\/\/fcliege.be\/fr\/wp-json\/wp\/v2\/types\/post"}],"author":[{"embeddable":true,"href":"https:\/\/fcliege.be\/fr\/wp-json\/wp\/v2\/users\/9"}],"replies":[{"embeddable":true,"href":"https:\/\/fcliege.be\/fr\/wp-json\/wp\/v2\/comments?post=11584"}],"version-history":[{"count":4,"href":"https:\/\/fcliege.be\/fr\/wp-json\/wp\/v2\/posts\/11584\/revisions"}],"predecessor-version":[{"id":11642,"href":"https:\/\/fcliege.be\/fr\/wp-json\/wp\/v2\/posts\/11584\/revisions\/11642"}],"wp:attachment":[{"href":"https:\/\/fcliege.be\/fr\/wp-json\/wp\/v2\/media?parent=11584"}],"wp:term":[{"taxonomy":"category","embeddable":true,"href":"https:\/\/fcliege.be\/fr\/wp-json\/wp\/v2\/categories?post=11584"},{"taxonomy":"post_tag","embeddable":true,"href":"https:\/\/fcliege.be\/fr\/wp-json\/wp\/v2\/tags?post=11584"}],"curies":[{"name":"wp","href":"https:\/\/api.w.org\/{rel}","templated":true}]}}