{"id":11590,"date":"2018-09-17T09:12:03","date_gmt":"2018-09-17T08:12:03","guid":{"rendered":"http:\/\/fcliege.be\/fr\/?p=11590"},"modified":"2018-09-17T09:12:03","modified_gmt":"2018-09-17T08:12:03","slug":"footballeurs-de-pere-en-fils","status":"publish","type":"post","link":"https:\/\/fcliege.be\/fr\/footballeurs-de-pere-en-fils\/","title":{"rendered":"Footballeurs de p\u00e8re en fils&#8230;"},"content":{"rendered":"<h4>Comme Maxime Raskin, Yoshi Mari\u00ebn est issu d&rsquo;une famille de footballeurs. De l&rsquo;arri\u00e8re grand-p\u00e8re aux petits-fils en passant par le p\u00e8re et l&rsquo;oncle, retrouvez ci-dessous le parcours sportif de cette famille au sein de laquelle\u00a0le ballon rond\u00a0occupe une place de choix.<\/h4>\n<h5><b><img decoding=\"async\" loading=\"lazy\" class=\"alignleft wp-image-11595 size-thumbnail\" src=\"https:\/\/fcliege.be\/fr\/wp-content\/uploads\/2018\/09\/image_123986672-150x150.jpg\" alt=\"image_123986672\" width=\"150\" height=\"150\" \/><\/b><\/h5>\n<h5>Eugeen Peeters<\/h5>\n<p>25.07.1921 \u00e0 Berchem (Antwerpen) &#8211; 15.07.2008\u00a0\u00e0 Ekeren<\/p>\n<p><strong>R ANTWERP FC (1)<\/strong>\u00a028.04.1936\/11.08.1947<br \/>\nFC GERDA SINT-NIKLAAS-WAAS (3077) 14.08.1947\/22.07.1954<br \/>\nSTANDAARD FC LOKEREN (1783) 09.08.1954\/03.07.1956<br \/>\nFC RED STAR HAASDONCK (4068) 17.07.1956\/30.07.1957<br \/>\nSVELTA MELSELE (3541) 31.07.1957\/12.07.1961<br \/>\nVERBROEDERING WILMARSDONCK (5720) 13.07.1961\/30.06.1962<br \/>\nR ANTWERP FC (1)\u00a016.08.1932\/1984 &#8230;<\/p>\n<p>&nbsp;<\/p>\n<h5><a href=\"https:\/\/fcliege.be\/fr\/wp-content\/uploads\/2018\/09\/6aea1e41-171d-4af5-887e-bdb1a7b794d2.jpeg\"><img decoding=\"async\" loading=\"lazy\" class=\"alignleft wp-image-11591 size-thumbnail\" src=\"https:\/\/fcliege.be\/fr\/wp-content\/uploads\/2018\/09\/6aea1e41-171d-4af5-887e-bdb1a7b794d2-150x150.jpeg\" alt=\"6aea1e41-171d-4af5-887e-bdb1a7b794d2\" width=\"150\" height=\"150\" \/><\/a>Edouard A.J. \u00ab\u00a0Eddy\u00a0\u00bb Peeters<\/h5>\n<div><b><\/b>N\u00e9 le 13.11.1949 \u00e0 Deurne<\/p>\n<p><strong>R ANTWERP FC (1)<\/strong>\u00a017.03.1960\/30.06.1972<br \/>\nK TUBANTIA BORGERHOUT FC (64) 01.07.1970\/30.06.1971 (pr\u00eat)<br \/>\nK FC VIGOR WUITENS HAMME (211) 01.07.1972\/25.06.1979<br \/>\nK TUBANTIA BORGERHOUT FC (64)\u00a001.07.1974\/30.06.1975 (pr\u00eat)<\/p>\n<p><b>\u00a0<\/b><\/p>\n<h5><b><img decoding=\"async\" loading=\"lazy\" class=\"alignleft wp-image-11594 size-thumbnail\" src=\"https:\/\/fcliege.be\/fr\/wp-content\/uploads\/2018\/09\/e6b870dd-9f55-4ee7-9a58-0b299aef9fc8-e1537170999141-150x150.jpeg\" alt=\"e6b870dd-9f55-4ee7-9a58-0b299aef9fc8\" width=\"150\" height=\"150\" \/><\/b>Benny Mari\u00ebn<\/h5>\n<p>N\u00e9 le 11.02.1966 \u00e0 Ekeren<\/p>\n<p>KONINKLIJKE LIERSE SPORTKRING (30) 12.09.1983\/30.06.1992<br \/>\nKONINKLIJKE SPORTCLUB MACCABI VOETBAL ANTWERPEN (201) 01.07.1989\/30.06.1991 (pr\u00eat)<br \/>\nLUCHTBALBOYS (4900) 01.07.1992\/30.06.1993<br \/>\nKONINKLIJKE VOETBALKLUB WAASLANDIA (557) 01.07.1993\/06.04.1999<br \/>\nKONINKLIJKE SVELTA MELSELE (3541)\u00a016.04.1999\/30.05.2005<\/p>\n<p>(joua douze ans en<b>\u00a0<\/b><strong>1\u00e8re division nationale Futsal et en \u00e9quipe nationale Futsal<\/strong>)<\/p>\n<p>&nbsp;<\/p>\n<h5><b><img decoding=\"async\" loading=\"lazy\" class=\"alignleft wp-image-11592 size-thumbnail\" src=\"https:\/\/fcliege.be\/fr\/wp-content\/uploads\/2018\/09\/7e71337e-433f-474f-a27a-afd662765224-150x150.jpeg\" alt=\"7e71337e-433f-474f-a27a-afd662765224\" width=\"150\" height=\"150\" \/>Jari Mari\u00ebn<\/b><\/h5>\n<p>N\u00e9 le 04.07.1996 \u00e0 Wilrijk<\/p>\n<div>\n<p>KONINKLIJKE SPORTKRING BEVEREN (2300) 11.10.2001\/26.04.2007<br \/>\nKONINKLIJKE FOOTBALL CLUB GERMINAL BEERSCHOT ANTWERPEN (3530) puis, in 2011, KONINKLIJK BEERSCHOT ANTWERPEN CLUB (3530) 03.06.2007\/29.04.2013)<br \/>\nHOOGSTRATEN VOETBALVERENIGING (2366) 24.06.2013\/26.04.2016<br \/>\nKONINKLIJKE FOOTBALL CLUB VIGOR WUITENS HAMME (211) 03.06.2016\/30.04.2018<br \/>\nKONINKLIJKE RUPEL BOOM FOOTBALL CLUB (2138) 05.05.2018\/(2019)<\/p>\n<p>&nbsp;<\/p>\n<h5><b><img decoding=\"async\" loading=\"lazy\" class=\"alignleft wp-image-11593 size-thumbnail\" src=\"https:\/\/fcliege.be\/fr\/wp-content\/uploads\/2018\/09\/395dd428-ad0d-4424-bb8a-18c012c9590c-e1537170973422-150x150.jpeg\" alt=\"395dd428-ad0d-4424-bb8a-18c012c9590c\" width=\"150\" height=\"150\" srcset=\"https:\/\/fcliege.be\/fr\/wp-content\/uploads\/2018\/09\/395dd428-ad0d-4424-bb8a-18c012c9590c-e1537170973422-150x150.jpeg 150w, https:\/\/fcliege.be\/fr\/wp-content\/uploads\/2018\/09\/395dd428-ad0d-4424-bb8a-18c012c9590c-e1537170973422-300x297.jpeg 300w, https:\/\/fcliege.be\/fr\/wp-content\/uploads\/2018\/09\/395dd428-ad0d-4424-bb8a-18c012c9590c-e1537170973422.jpeg 611w\" sizes=\"(max-width: 150px) 100vw, 150px\" \/>Kenzo Mari\u00ebn<\/b><\/h5>\n<p>N\u00e9 le 22.04.1993<\/p>\n<p>KONINKLIJKE SPORTKRING BEVEREN (2300)\u00a021.08.2000\/30.10.2006<br \/>\nKONINKLIJKE SVELTA MELSELE (3541) 12.10.2007\/30.05.2016<br \/>\nVERBROEDERING ZWINDRECHT (9428) 12.12.2016\/05.05.2017<br \/>\nKONINKLIJKE SPORTKRING KALLO (4218) 12.04.2018\/(2019)<\/p>\n<\/div>\n<p>(en\u00a0<strong>caract\u00e8res gras<\/strong>, le club o\u00f9 le joueur fut titulaire en D1 nationale ou en \u00e9quipe nationale)<\/div>\n","protected":false},"excerpt":{"rendered":"<p>Comme Maxime Raskin, Yoshi Mari\u00ebn est issu d&rsquo;une famille de footballeurs. De l&rsquo;arri\u00e8re grand-p\u00e8re aux petits-fils en passant par le p\u00e8re et l&rsquo;oncle, retrouvez ci-dessous le parcours sportif de cette famille au sein de laquelle\u00a0le ballon rond\u00a0occupe une place de choix. Eugeen Peeters 25.07.1921 \u00e0 Berchem (Antwerpen) &#8211; 15.07.2008\u00a0\u00e0 Ekeren R ANTWERP FC (1)\u00a028.04.1936\/11.08.1947 FC [&hellip;]<\/p>\n","protected":false},"author":9,"featured_media":0,"comment_status":"closed","ping_status":"closed","sticky":false,"template":"","format":"standard","meta":{"iawp_total_views":5},"categories":[1],"tags":[],"_links":{"self":[{"href":"https:\/\/fcliege.be\/fr\/wp-json\/wp\/v2\/posts\/11590"}],"collection":[{"href":"https:\/\/fcliege.be\/fr\/wp-json\/wp\/v2\/posts"}],"about":[{"href":"https:\/\/fcliege.be\/fr\/wp-json\/wp\/v2\/types\/post"}],"author":[{"embeddable":true,"href":"https:\/\/fcliege.be\/fr\/wp-json\/wp\/v2\/users\/9"}],"replies":[{"embeddable":true,"href":"https:\/\/fcliege.be\/fr\/wp-json\/wp\/v2\/comments?post=11590"}],"version-history":[{"count":4,"href":"https:\/\/fcliege.be\/fr\/wp-json\/wp\/v2\/posts\/11590\/revisions"}],"predecessor-version":[{"id":11599,"href":"https:\/\/fcliege.be\/fr\/wp-json\/wp\/v2\/posts\/11590\/revisions\/11599"}],"wp:attachment":[{"href":"https:\/\/fcliege.be\/fr\/wp-json\/wp\/v2\/media?parent=11590"}],"wp:term":[{"taxonomy":"category","embeddable":true,"href":"https:\/\/fcliege.be\/fr\/wp-json\/wp\/v2\/categories?post=11590"},{"taxonomy":"post_tag","embeddable":true,"href":"https:\/\/fcliege.be\/fr\/wp-json\/wp\/v2\/tags?post=11590"}],"curies":[{"name":"wp","href":"https:\/\/api.w.org\/{rel}","templated":true}]}}