{"id":11746,"date":"2018-10-15T10:24:59","date_gmt":"2018-10-15T09:24:59","guid":{"rendered":"http:\/\/fcliege.be\/fr\/?p=11746"},"modified":"2018-10-16T13:02:46","modified_gmt":"2018-10-16T12:02:46","slug":"une-rencontre-un-joueur-romain-kakou-mathys","status":"publish","type":"post","link":"https:\/\/fcliege.be\/fr\/une-rencontre-un-joueur-romain-kakou-mathys\/","title":{"rendered":"UNE RENCONTRE, UN JOUEUR : Romain \u00ab\u00a0Kakou\u00a0\u00bb Matthys"},"content":{"rendered":"<div id=\"attachment_11506\" style=\"width: 210px\" class=\"wp-caption alignleft\"><a href=\"https:\/\/fcliege.be\/fr\/wp-content\/uploads\/2013\/08\/11-08-2018_Portait-Officiel_Matthys.R_-1.jpg\"><img aria-describedby=\"caption-attachment-11506\" decoding=\"async\" loading=\"lazy\" class=\"wp-image-11506 size-medium\" src=\"https:\/\/fcliege.be\/fr\/wp-content\/uploads\/2013\/08\/11-08-2018_Portait-Officiel_Matthys.R_-1-200x300.jpg\" alt=\"1 - Romain MATTHYS | 10.07.98 | Gardien de but\" width=\"200\" height=\"300\" srcset=\"https:\/\/fcliege.be\/fr\/wp-content\/uploads\/2013\/08\/11-08-2018_Portait-Officiel_Matthys.R_-1-200x300.jpg 200w, https:\/\/fcliege.be\/fr\/wp-content\/uploads\/2013\/08\/11-08-2018_Portait-Officiel_Matthys.R_-1-682x1024.jpg 682w\" sizes=\"(max-width: 200px) 100vw, 200px\" \/><\/a><p id=\"caption-attachment-11506\" class=\"wp-caption-text\">1 &#8211; Romain MATTHYS | 10.07.98 | Gardien de but<\/p><\/div>\n<h4>Carte de visite<\/h4>\n<p>N\u00e9 le 10.07.1998 \u00e0 Seraing<\/p>\n<p><strong>Parcours sportif<\/strong><\/p>\n<p>DARING CLUB DE COINTE (9266) 31.08.2004\/30.06.2015<br \/>\nROYAL FOOTBALL CLUB SERESIEN (23) 01.07.2008\/30.06.2010 (pr\u00eat) &#8211; 06.08.2010\/30.06.2011 (pr\u00eat)<br \/>\nROYAL FOOTBALL CLUB DE LIEGE (4) 06.09.2012\/30.06.2015 (pr\u00eat)<br \/>\nROYAL FOOTBALL CLUB DE LIEGE (4)\u00a001.07.2015\/2018\/(2021)<\/p>\n<p>(source : FOOT 100 asbl)<\/p>\n<p><strong>Statistiques<\/strong> (02.10.2018)<\/p>\n<p>&#8211; A disput\u00e9 60 matches (51 championnats, 9 coupes)<br \/>\n&#8211; 1er match officiel : RFC WARNANT (5779) &#8211; RFC DE LIEGE (4) 1 &#8211; 3 (Coupe de Belgique &#8211; 07.08.2016)<br \/>\ncompo : Romain Matthys, Emmanuel Massa, Arnaud Winandts, Jonathan D&rsquo;Ostilio, Eric Vandebon, Sergio Teruel Diaz,\u00a0\u00a0\u00a0 Amine Jiyar (Tom Dethier 86(), Gr\u00e9gory Dufer, Dieudonn\u00e9 Lwangi (Fran\u00e7ois Henke 62&prime;), Axel Dheur, Dylan Lambrecth (William Mauclet 50&prime;)<br \/>\nbuts : Lambrecth, csc, Winandts<\/p>\n<p>(statistiques \u00e9tablies gr\u00e2ce \u00e0\u00a0la collaboration\u00a0d&rsquo;Andrea Morreale)<\/p>\n<h4>A coeur ouvert&#8230;<\/h4>\n<p><strong>Vous \u00eates n\u00e9 \u00e0 Seraing. O\u00f9 r\u00e9sidez-vous aujourd&rsquo;hui ?<\/strong><\/p>\n<p>A Fl\u00e9malle.<\/p>\n<p><strong>Vous avez, \u00e0 six ans, officiellement \u00e9t\u00e9 affili\u00e9 au\u00a0DARING CLUB DE COINTE (9266). Avant cela, aviez-vous d\u00e9j\u00e0 jou\u00e9 ailleurs ?<\/strong><\/p>\n<p>Oui, j&rsquo;ai jou\u00e9 \u00e0 EURO YOUTH LIEGE 75 (8285) qui, en 2007, a fusionn\u00e9 avec le\u00a0DARING CLUB DE COINTE (9266), justement. A l&rsquo;\u00e9poque, on ne pouvait r\u00e8glementairement s&rsquo;affilier avant l&rsquo;\u00e2ge de six ans. Au d\u00e9but, je jouais comme attaquant.<\/p>\n<p><strong>Comment \u00eates-vous devenu gardien de but ?<\/strong><\/p>\n<p>En fait, j&rsquo;ai toujours aim\u00e9 cette position. Un jour, \u00e0 Cointe, le gardien titulaire encaissait trop de buts \u00e0 son go\u00fbt et a voulu abandonner. A partir de l\u00e0, j&rsquo;ai pris ses gants et je n&rsquo;ai plus quitt\u00e9 cette responsabilit\u00e9. J&rsquo;avais six ou sept ans.<\/p>\n<p><strong>Vous avez eu raison. Vous \u00eates devenu un des chouchous des supporters surtout apr\u00e8s le dernier match contre Lierse Kempenzonen.<\/strong><\/p>\n<p>Puisque vous le dites !<br \/>\nIl est vrai que le match, il y a deux semaines, \u00e0 Lier restera un bon souvenir.<\/p>\n<p><strong>Votre premier match officiel eut lieu \u00e0 Warnant le 07.08.2016. Vous veniez \u00e0 peine d&rsquo;avoir dix-huit ans. Vous en souvenez-vous encore ?<\/strong><\/p>\n<p>Oui, je m&rsquo;en souviens. Mais surtout du but d&rsquo;Arnaud gr\u00e2ce \u00e0 un retourn\u00e9 qui avait lob\u00e9 le gardien adverse.<\/p>\n<p><strong>Ce n&rsquo;est pas fr\u00e9quent un gardien de but qui d\u00e9bute \u00e0 cet \u00e2ge. Comment cela s&rsquo;est-il pass\u00e9 ?<\/strong><\/p>\n<p>Une semaine et demie avant, j&rsquo;avais appris ma s\u00e9lection. Je n&rsquo;\u00e9tais pas stress\u00e9 puisqu&rsquo;il s&rsquo;agissait d&rsquo;une \u00e9quipe quelques divisions en dessous de nous. Je ne me souviens plus si j&rsquo;ai jou\u00e9 un bon match ou pas. Mais on a gagn\u00e9.<\/p>\n<p><strong>L&rsquo;ann\u00e9e pass\u00e9e, vous avez \u00e9t\u00e9 bless\u00e9 \u00e0 l&rsquo;\u00e9paule et, par manque de gardien, le club a fait appel au Franco-MartIniquais de Bastia Jeffrey Baltus. Quels \u00e9taient vos rapports ?<\/strong><\/p>\n<p>Avec beaucoup de respect : moi, pour sa brillante carri\u00e8re; lui, en me transmettant son exp\u00e9rience. Il me conseillait notamment pour des d\u00e9gagements plus efficaces. On a gagn\u00e9 quelques points gr\u00e2ce \u00e0 lui. Je garderai un grand souvenir de l&rsquo;avoir c\u00f4toy\u00e9.<\/p>\n<p><strong>Savez-vous o\u00f9 il se trouve aujourd&rsquo;hui ?<\/strong><\/p>\n<p>Je l&rsquo;ignore; il y a quelques semaines, il cherchait un nouveau club.<\/p>\n<p><strong>Il se trouve dans le sud de la France en Nationale 3. Il y a trois semaines, il signait au RACING CLUB OLYMPIQUE AGATHOIS situ\u00e9 \u00e0 Agde dans l&rsquo;H\u00e9rault.<\/strong><\/p>\n<p><strong>Avec Nicolas Pire, quels ont \u00e9t\u00e9 vos contacts? Lui qui est Professeur de sciences \u00e0 l&rsquo;Ath\u00e9n\u00e9e de Huy a-t-il \u00e9t\u00e9, pour vous, un professeur de football ?<\/strong><\/p>\n<p>Tout \u00e0 fait ! Il m&rsquo;a beaucoup appris sur la bonne position dans le goal. Je suis arriv\u00e9 tr\u00e8s jeune \u00e0 cette place : il a toujours \u00e9t\u00e9 tr\u00e8s correct et m&rsquo;encourageait.\u00a0 S&rsquo;il laisse un si fort souvenir aux supporters, ce n&rsquo;est pas seulement parce qu&rsquo;il a \u00e9t\u00e9 bon sur le terrain.<\/p>\n<p><strong>Et Arthur Cremer ?<\/strong><\/p>\n<p>Je le connaissais d\u00e9j\u00e0 avant le RFCL : on s&rsquo;entra\u00eenait ensemble, au Foot Elite, depuis au moins trois ans. En plus du talent qu&rsquo;il exprime d\u00e9j\u00e0, il a une grande marge de progression. Avec l&rsquo;\u00e9colage de Pierre Drouguet, je crois qu&rsquo;il deviendra un grand gardien.<\/p>\n<p><strong>Avez-vous une profession ? Suivez-vous des \u00e9tudes ?<\/strong><\/p>\n<p>Au d\u00e9but, je voulais faire des \u00e9tudes. Mais, avec le football, cela devenait compliqu\u00e9. Je parle correctement l&rsquo;anglais; aujourd&rsquo;hui, je suis des cours de n\u00e9erlandais.<\/p>\n<p><strong>Donc, vous parlez flamand avec Mika M&rsquo;Fwamba et Yoshi Mari\u00ebn !<\/strong><\/p>\n<p>Je commence. J&rsquo;essaie de parler avec eux dans leur langue. Mais ils doivent souvent me corriger. Je les fais souvent rire en parlant n\u00e9erlandais avec mon fort accent wallon !<\/p>\n<p><strong>Pour vous, depuis quatre ans au RFCL, c&rsquo;est aussi une histoire de famille : votre Maman, Francine Alexis, est particuli\u00e8rement active au club.<\/strong><\/p>\n<p>Elle s&rsquo;occupe des cotisations et est Secr\u00e9taire de l&rsquo;Ecole des Jeunes. Comme elle me conduisait au club et que j&rsquo;y passais beaucoup de temps (j&rsquo;y ai m\u00eame \u00e9t\u00e9 entra\u00eeneur des jeunes), sur les conseils de ses amies, Virginie et Jocelyne, elle a propos\u00e9 son aide.<\/p>\n<p><strong>L&rsquo;\u00e9quipe A joue de mieux en mieux mais nous n&rsquo;avons, ce 02.10.2018, que deux points en cinq matches. Gardez-vous espoir ?<\/strong><\/p>\n<p>Oui ! Nous gagnerons des matches. Mais je constate que nous sommes dans une division tr\u00e8s compliqu\u00e9e o\u00f9 la moindre erreur se paie cash. Mais je suis confiant : on a les qualit\u00e9s de nos ambitions. A Deinze, nous n&rsquo;avons pas \u00e9t\u00e9 ridicules. Et nous avons pu montrer ces qualit\u00e9s mais &#8230;sans marquer de buts !<\/p>\n<p><strong>Quels sont vos projets de footballeur ?<\/strong><\/p>\n<p>Arriver le plus haut possible et ne rien regretter. Ne reste plus qu&rsquo;un peu de chance.<\/p>\n<p><strong>Avez-vous des hobbies ?<\/strong><\/p>\n<p>Le tennis. Je suis class\u00e9 B0 ou B2. Je joue aussi au squash avec ma m\u00e8re. Quand j&rsquo;en ai l&rsquo;occasion, je rejoins mes amis qui restent aux \u00e9tudes.<\/p>\n<p><strong>D&rsquo;o\u00f9 vient votre diminutif \u00ab\u00a0Kakou\u00a0\u00bb ?<\/strong><\/p>\n<p>Gamin, j&rsquo;\u00e9tais fort espi\u00e8gle et &#8230;casse-cou ! Les lettres \u00ab\u00a0sse\u00a0\u00bb ont disparu pour me donner le surnom \u00ab\u00a0Cacou\u00a0\u00bb. M\u00eame si beaucoup \u00e9crivent \u00ab\u00a0Kakou\u00a0\u00bb.<\/p>\n","protected":false},"excerpt":{"rendered":"<p>Carte de visite N\u00e9 le 10.07.1998 \u00e0 Seraing Parcours sportif DARING CLUB DE COINTE (9266) 31.08.2004\/30.06.2015 ROYAL FOOTBALL CLUB SERESIEN (23) 01.07.2008\/30.06.2010 (pr\u00eat) &#8211; 06.08.2010\/30.06.2011 (pr\u00eat) ROYAL FOOTBALL CLUB DE LIEGE (4) 06.09.2012\/30.06.2015 (pr\u00eat) ROYAL FOOTBALL CLUB DE LIEGE (4)\u00a001.07.2015\/2018\/(2021) (source : FOOT 100 asbl) Statistiques (02.10.2018) &#8211; A disput\u00e9 60 matches (51 championnats, 9 [&hellip;]<\/p>\n","protected":false},"author":9,"featured_media":0,"comment_status":"closed","ping_status":"closed","sticky":false,"template":"","format":"standard","meta":{"iawp_total_views":24},"categories":[30,1],"tags":[],"_links":{"self":[{"href":"https:\/\/fcliege.be\/fr\/wp-json\/wp\/v2\/posts\/11746"}],"collection":[{"href":"https:\/\/fcliege.be\/fr\/wp-json\/wp\/v2\/posts"}],"about":[{"href":"https:\/\/fcliege.be\/fr\/wp-json\/wp\/v2\/types\/post"}],"author":[{"embeddable":true,"href":"https:\/\/fcliege.be\/fr\/wp-json\/wp\/v2\/users\/9"}],"replies":[{"embeddable":true,"href":"https:\/\/fcliege.be\/fr\/wp-json\/wp\/v2\/comments?post=11746"}],"version-history":[{"count":4,"href":"https:\/\/fcliege.be\/fr\/wp-json\/wp\/v2\/posts\/11746\/revisions"}],"predecessor-version":[{"id":11757,"href":"https:\/\/fcliege.be\/fr\/wp-json\/wp\/v2\/posts\/11746\/revisions\/11757"}],"wp:attachment":[{"href":"https:\/\/fcliege.be\/fr\/wp-json\/wp\/v2\/media?parent=11746"}],"wp:term":[{"taxonomy":"category","embeddable":true,"href":"https:\/\/fcliege.be\/fr\/wp-json\/wp\/v2\/categories?post=11746"},{"taxonomy":"post_tag","embeddable":true,"href":"https:\/\/fcliege.be\/fr\/wp-json\/wp\/v2\/tags?post=11746"}],"curies":[{"name":"wp","href":"https:\/\/api.w.org\/{rel}","templated":true}]}}