{"id":11783,"date":"2018-10-23T20:13:15","date_gmt":"2018-10-23T19:13:15","guid":{"rendered":"http:\/\/fcliege.be\/fr\/?p=11783"},"modified":"2018-10-23T20:13:15","modified_gmt":"2018-10-23T19:13:15","slug":"une-rencontre-un-joueur-benoit-bruggeman","status":"publish","type":"post","link":"https:\/\/fcliege.be\/fr\/une-rencontre-un-joueur-benoit-bruggeman\/","title":{"rendered":"UNE RENCONTRE, UN JOUEUR : Beno\u00eet Bruggeman"},"content":{"rendered":"<div id=\"attachment_11494\" style=\"width: 210px\" class=\"wp-caption alignleft\"><a href=\"https:\/\/fcliege.be\/fr\/wp-content\/uploads\/2013\/08\/11-08-2018_Portait-Officiel_Bruggeman.B_-1.jpg\"><img aria-describedby=\"caption-attachment-11494\" decoding=\"async\" loading=\"lazy\" class=\"wp-image-11494 size-medium\" src=\"https:\/\/fcliege.be\/fr\/wp-content\/uploads\/2013\/08\/11-08-2018_Portait-Officiel_Bruggeman.B_-1-200x300.jpg\" alt=\"9 - Beno\u00eet BRUGGEMAN | 05.02.97 | Joueur de flanc\" width=\"200\" height=\"300\" srcset=\"https:\/\/fcliege.be\/fr\/wp-content\/uploads\/2013\/08\/11-08-2018_Portait-Officiel_Bruggeman.B_-1-200x300.jpg 200w, https:\/\/fcliege.be\/fr\/wp-content\/uploads\/2013\/08\/11-08-2018_Portait-Officiel_Bruggeman.B_-1-682x1024.jpg 682w\" sizes=\"(max-width: 200px) 100vw, 200px\" \/><\/a><p id=\"caption-attachment-11494\" class=\"wp-caption-text\">9 &#8211; Beno\u00eet BRUGGEMAN | 05.02.97 | Joueur de flanc<\/p><\/div>\n<h4>Carte de visite<b><br \/>\n<\/b><\/h4>\n<p>N\u00e9 le 05.02.1997 \u00e0 Tournai<\/p>\n<p><strong>Parcours sportif<\/strong><\/p>\n<p>ATHLETIC CLUB ANVAING (7969) 20.02.2003\/24.04.2006<br \/>\nROYAL FOOTBALL CLUB TOURNAI (26) 02.06.2006\/30.06.2008<br \/>\nROYAL EXCELSIOR MOUSCRON (224) 01.07.2008\/30.06.2010<br \/>\nROYAL STANDARD DE LIEGE (224) 01.07.2010\/28.04.2015<br \/>\nROYAL MOUSCRON PERUWELZ (216) 19.05.2015\/30.04.2016<br \/>\nROYAL FOOTBALL CLUB DE LIEGE (4) 27.05.2016\/2018\/(2019)<\/p>\n<p>(sources : Foot 100 asbl)<\/p>\n<p>&nbsp;<\/p>\n<p>&nbsp;<\/p>\n<p><strong>Statistiques (05.10.2018)<\/strong><\/p>\n<p>&#8211; A disput\u00e9 65 matches (59 championnats (12 buts) , 6 coupes)<br \/>\n&#8211; 1er match officiel : RFC DE LIEGE (4) &#8211; SOLIERES SPORT (9426)\u00a0 2 &#8211; 2 (Championnat &#8211; 04.09.2016) (3194\u00e8me match officiel du RFCL)<br \/>\nCompo<b>\u00a0:\u00a0<\/b>Robin Dengis<b>,\u00a0<\/b>Emmanuel Massa, Eric Vandebon, Jonathan D&rsquo;Ostilio, Tom Dethier, (Ga\u00ebtan Audoor 69&prime;), Amine Jiyar, Axel Dheur, Gr\u00e9gory Dufer, William Mauclet (Benoit Bruggeman 81&prime;), Dylan Lambrecht.<br \/>\nButeurs :\u00a0Dylan Lambrecht,\u00a0Eric Vandebon\u00a0(penalty).<\/p>\n<p>(Avec la collaboration d&rsquo;Andrea Morreale)<\/p>\n<h4>A coeur ouvert&#8230;<\/h4>\n<p><strong>Benoit, vous vous \u00eates entra\u00een\u00e9 ce matin (mardi 9 octobre) ?<\/strong><\/p>\n<p>Nous avons eu entra\u00eenement en salle de musculation. C&rsquo;est un peu dur. Mais \u00e7a va.<\/p>\n<p><strong>Vous \u00eates n\u00e9 \u00e0 Tournai et r\u00e9sidez dans le Hainaut occidental. Li\u00e8ge, ce n&rsquo;est pas la porte \u00e0 c\u00f4t\u00e9 !<\/strong><\/p>\n<p>Je r\u00e9side chez mes parents \u00e0 Leuze-en-Hainaut o\u00f9 je retourne d\u00e8s que possible (\u00e0 170-175 km de Rocourt). Mais je dispose d&rsquo;un appartement \u00e0 Ougr\u00e9e.<\/p>\n<p><strong>Apr\u00e8s Anvaing et Tournai, vous \u00eates pass\u00e9 \u00e0 l&rsquo;Excelsior Mouscron.<\/strong><\/p>\n<p>Oui, au Futurosport !<\/p>\n<p><strong>Puis, au Standard.<\/strong><\/p>\n<p>Oui, en \u00e9quipes de jeunes, nous rencontrions celles de Sclessin. Comme Mouscron avait \u00a0fait faillite (N.D.L.R. : radiation de l&rsquo;Excelsior le 26.06.2010), on est venu me chercher. Comme on m&rsquo;offrait la possibilit\u00e9 du Foot Ecole, j&rsquo;ai accept\u00e9 pendant cinq ans.<\/p>\n<p><strong>Vous avez alors \u00e9migr\u00e9 un an \u00e0 Mouscron-Peruwelz. Comment \u00eates-vous arriv\u00e9 au RFCL ?<\/strong><\/p>\n<p>Mon agent a parl\u00e9 de moi \u00e0 Ga\u00ebtan Englebert.<\/p>\n<p><strong>Pour vous, dans la r\u00e9gion de Tournai ou de Leuze, le supporter Rouge et Bleu, \u00e7a existe ?<\/strong><\/p>\n<p>Je ne sais pas.<\/p>\n<p><strong>Ils sont une demi-douzaine \u00e0 venir r\u00e9guli\u00e8rement \u00e0 Rocourt comme Beno\u00eet Herfs, Micha\u00ebl Hellin, Lionel Gestell et d&rsquo;autres; comme, cette ann\u00e9e, nous rencontrons surtout des clubs flamands, ils seront plus nombreux \u00e0 vous soutenir en d\u00e9placement; il existe m\u00eame un site facebook \u00ab\u00a0sang et marine hainaut\u00a0\u00bb.<\/strong><\/p>\n<p><strong>Vous n&rsquo;\u00eates pas le premier Tournaisien au RFCL. Connaissez-vous votre pr\u00e9d\u00e9cesseur qui fut un grand Rouge et Bleu ?<\/strong><\/p>\n<p>Non, c&rsquo;est qui ?<\/p>\n<p><strong>Didier Quain ! Qui remporta avec le club la Coupe de Belgique et participa aux Coupes Europ\u00e9ennes Rouge et Bleu (de 1980 \u00e0 1996, 444 matches en D1 dont 201 au RFC LIEGEOIS)<\/strong><\/p>\n<p>Vous m&rsquo;apprenez quelque chose.<\/p>\n<p><strong>Benoit, quelle est votre place de pr\u00e9dilection ?<\/strong><\/p>\n<p>Je n&rsquo;ai pas de place bien d\u00e9finie. Mais je joue surtout sur les flancs, \u00e0 droite comme \u00e0 gauche.<\/p>\n<p><strong>A Tessenderlo, sur le flanc droit, ils se sont mis \u00e0 trois pour vous conter !<\/strong><\/p>\n<p>Oui, leur d\u00e9fense \u00e9tait solide. Un roc.<\/p>\n<p><strong>A part le foot, avez-vous d&rsquo;autres activit\u00e9s professionnelles ?<\/strong><\/p>\n<p>Non, je me consacre enti\u00e8rement au football. Pour le plus longtemps possible.<\/p>\n<p><strong>Quelle est la place de Li\u00e8ge dans vos projets de sportif ?<\/strong><\/p>\n<p>Je trouve \u00e0 Li\u00e8ge un bon niveau et esp\u00e8re \u00eatre associ\u00e9 \u00e0 sa progression.<\/p>\n<p><strong>Venez-vous d&rsquo;une famille de footballeurs ?<\/strong><\/p>\n<p>Mon P\u00e8re a jou\u00e9 en divisions inf\u00e9rieures et mon cousin, Joseph Bruggeman, fut un Espoir \u00e0 l&rsquo;Excelsior Mouscron. Mais de s\u00e9rieuses blessures ont arr\u00eat\u00e9 sa progression (N.D.L.R. : il joue aujourd&rsquo;hui au FC BLEHARIES (9166)).<\/p>\n<p><strong>Avez-vous des hobbies ?<\/strong><\/p>\n<p>Non, il n&rsquo;y a que le foot !<\/p>\n","protected":false},"excerpt":{"rendered":"<p>Carte de visite N\u00e9 le 05.02.1997 \u00e0 Tournai Parcours sportif ATHLETIC CLUB ANVAING (7969) 20.02.2003\/24.04.2006 ROYAL FOOTBALL CLUB TOURNAI (26) 02.06.2006\/30.06.2008 ROYAL EXCELSIOR MOUSCRON (224) 01.07.2008\/30.06.2010 ROYAL STANDARD DE LIEGE (224) 01.07.2010\/28.04.2015 ROYAL MOUSCRON PERUWELZ (216) 19.05.2015\/30.04.2016 ROYAL FOOTBALL CLUB DE LIEGE (4) 27.05.2016\/2018\/(2019) (sources : Foot 100 asbl) &nbsp; &nbsp; Statistiques (05.10.2018) &#8211; A [&hellip;]<\/p>\n","protected":false},"author":9,"featured_media":0,"comment_status":"closed","ping_status":"closed","sticky":false,"template":"","format":"standard","meta":{"iawp_total_views":2},"categories":[30,1],"tags":[],"_links":{"self":[{"href":"https:\/\/fcliege.be\/fr\/wp-json\/wp\/v2\/posts\/11783"}],"collection":[{"href":"https:\/\/fcliege.be\/fr\/wp-json\/wp\/v2\/posts"}],"about":[{"href":"https:\/\/fcliege.be\/fr\/wp-json\/wp\/v2\/types\/post"}],"author":[{"embeddable":true,"href":"https:\/\/fcliege.be\/fr\/wp-json\/wp\/v2\/users\/9"}],"replies":[{"embeddable":true,"href":"https:\/\/fcliege.be\/fr\/wp-json\/wp\/v2\/comments?post=11783"}],"version-history":[{"count":5,"href":"https:\/\/fcliege.be\/fr\/wp-json\/wp\/v2\/posts\/11783\/revisions"}],"predecessor-version":[{"id":11789,"href":"https:\/\/fcliege.be\/fr\/wp-json\/wp\/v2\/posts\/11783\/revisions\/11789"}],"wp:attachment":[{"href":"https:\/\/fcliege.be\/fr\/wp-json\/wp\/v2\/media?parent=11783"}],"wp:term":[{"taxonomy":"category","embeddable":true,"href":"https:\/\/fcliege.be\/fr\/wp-json\/wp\/v2\/categories?post=11783"},{"taxonomy":"post_tag","embeddable":true,"href":"https:\/\/fcliege.be\/fr\/wp-json\/wp\/v2\/tags?post=11783"}],"curies":[{"name":"wp","href":"https:\/\/api.w.org\/{rel}","templated":true}]}}