{"id":11794,"date":"2018-10-25T16:10:20","date_gmt":"2018-10-25T15:10:20","guid":{"rendered":"http:\/\/fcliege.be\/fr\/?p=11794"},"modified":"2018-10-25T16:11:28","modified_gmt":"2018-10-25T15:11:28","slug":"cest-officiel-nos-jeunes-sont-de-retour-a-wihogne","status":"publish","type":"post","link":"https:\/\/fcliege.be\/fr\/cest-officiel-nos-jeunes-sont-de-retour-a-wihogne\/","title":{"rendered":"C&rsquo;est officiel, nos jeunes sont de retour \u00e0 Wihogne"},"content":{"rendered":"<h5>Ce mercredi, c&rsquo;est devant une assembl\u00e9e compos\u00e9e de partenaires, de supporters, d&rsquo;administrateurs et de parents que notre Pr\u00e9sident, Jean-Paul Lacomble, et notre Directeur technique, Ga\u00ebtan Englebert, ont inaugur\u00e9 officiellement les infrastructures de Wihogne.<\/h5>\n<p>Un pari sur l&rsquo;avenir ; un retour au sein d&rsquo;un site exceptionnel qui permettra d\u00e9sormais \u00e0 nos jeunes joueurs et joueuses de s&rsquo;entra\u00eener sur herbe en b\u00e9n\u00e9ficiant de tout l&rsquo;espace et tout le confort n\u00e9cessaires.<\/p>\n<p>Retrouvez ci-dessous les moments forts de cette inauguration et les premi\u00e8res images officielles de ce nouvel \u00e9crin.<\/p>\n<div class=\"embed\"><div class=\"video\"><iframe width=\"560\" height=\"315\" src=\"http:\/\/www.youtube.com\/embed\/kGgtUjroNEk\" frameborder=\"0\" allowfullscreen><\/iframe><\/div><\/div>\n","protected":false},"excerpt":{"rendered":"<p>Ce mercredi, c&rsquo;est devant une assembl\u00e9e compos\u00e9e de partenaires, de supporters, d&rsquo;administrateurs et de parents que notre Pr\u00e9sident, Jean-Paul Lacomble, et notre Directeur technique, Ga\u00ebtan Englebert, ont inaugur\u00e9 officiellement les infrastructures de Wihogne. Un pari sur l&rsquo;avenir ; un retour au sein d&rsquo;un site exceptionnel qui permettra d\u00e9sormais \u00e0 nos jeunes joueurs et joueuses de [&hellip;]<\/p>\n","protected":false},"author":9,"featured_media":11795,"comment_status":"closed","ping_status":"closed","sticky":false,"template":"","format":"video","meta":{"iawp_total_views":14},"categories":[24,27],"tags":[],"_links":{"self":[{"href":"https:\/\/fcliege.be\/fr\/wp-json\/wp\/v2\/posts\/11794"}],"collection":[{"href":"https:\/\/fcliege.be\/fr\/wp-json\/wp\/v2\/posts"}],"about":[{"href":"https:\/\/fcliege.be\/fr\/wp-json\/wp\/v2\/types\/post"}],"author":[{"embeddable":true,"href":"https:\/\/fcliege.be\/fr\/wp-json\/wp\/v2\/users\/9"}],"replies":[{"embeddable":true,"href":"https:\/\/fcliege.be\/fr\/wp-json\/wp\/v2\/comments?post=11794"}],"version-history":[{"count":2,"href":"https:\/\/fcliege.be\/fr\/wp-json\/wp\/v2\/posts\/11794\/revisions"}],"predecessor-version":[{"id":11797,"href":"https:\/\/fcliege.be\/fr\/wp-json\/wp\/v2\/posts\/11794\/revisions\/11797"}],"wp:featuredmedia":[{"embeddable":true,"href":"https:\/\/fcliege.be\/fr\/wp-json\/wp\/v2\/media\/11795"}],"wp:attachment":[{"href":"https:\/\/fcliege.be\/fr\/wp-json\/wp\/v2\/media?parent=11794"}],"wp:term":[{"taxonomy":"category","embeddable":true,"href":"https:\/\/fcliege.be\/fr\/wp-json\/wp\/v2\/categories?post=11794"},{"taxonomy":"post_tag","embeddable":true,"href":"https:\/\/fcliege.be\/fr\/wp-json\/wp\/v2\/tags?post=11794"}],"curies":[{"name":"wp","href":"https:\/\/api.w.org\/{rel}","templated":true}]}}