{"id":11819,"date":"2018-10-31T22:49:46","date_gmt":"2018-10-31T21:49:46","guid":{"rendered":"http:\/\/fcliege.be\/fr\/?p=11819"},"modified":"2018-10-31T22:49:46","modified_gmt":"2018-10-31T21:49:46","slug":"re-virton-rfcl-3-11-18-20h00-infos-mobilite-et-securite","status":"publish","type":"post","link":"https:\/\/fcliege.be\/fr\/re-virton-rfcl-3-11-18-20h00-infos-mobilite-et-securite\/","title":{"rendered":"RE VIRTON &#8211; RFCL | 3.11.18 | 20h00 &#8211; INFOS MOBILITE ET SECURITE"},"content":{"rendered":"<div class=\"\">\n<h4>MOBILITE ET SECURITE<\/h4>\n<p>Vous trouverez ci-dessous les dispositions qui seront en vigueur\u00a0en mati\u00e8re de mobilit\u00e9 et de s\u00e9curit\u00e9 pour la rencontre RE Virton\u00a0\u2013 RFC Li\u00e8ge de ce samedi.<\/p>\n<p>1) La formule combi-car ne sera pas d&rsquo;application<\/p>\n<p>2) Les sacs seront accept\u00e9s dans l\u2019enceinte du stade pour autant qu\u2019ils ne soient pas d\u2019une dimension sup\u00e9rieure \u00e0 un format A4.<br \/>\nLes sacs \u00e0 dos seront interdits.<\/p>\n<p>3) Pas de d\u00e9odorant ou de parfum dans le sac.<\/p>\n<\/div>\n<div class=\"\">4) Un p\u00e9rim\u00e8tre de s\u00e9curit\u00e9 de 3km sera d&rsquo;application autour du stade.<\/div>\n<h4>Un peu d&rsquo;histoire<\/h4>\n<p>En championnat, notre \u00e9quipe A rencontra, en Gaume, le ROYAL EXCELSIOR VIRTON (200) en cinq occasions (Division 2 en 2001\/2002, 2002\/2003 et 2008\/2009 et Division 3 en 1935\/1936 et 2010\/2011)<\/p>\n<p><strong>Meilleur r\u00e9sultat\u00a0<\/strong><\/p>\n<p>Match n\u00b0 729 : 01.03.1936 \u00a0 EFC VIRTON &#8211; RFCL\u00a0 0 &#8211; 2<br \/>\nRobert Fassotte, Edouard Damseau, Joseph \u00ab\u00a0Alexis\u00a0\u00bb Chantraine, Louis Blistain, Simon Cardol, Hubert Niesen, Louis Kuypers, Paul Fabry, Charles Lambert, Maurice Lambrechts, D&rsquo;Heur.<br \/>\nButeurs : Fabry, Cardol.<\/p>\n<p><strong>Dernier r\u00e9sultat<\/strong><\/p>\n<p>Match n\u00b0 3019 : 19.02.2011 \u00a0 RE VIRTON &#8211; RFCL\u00a0 4 &#8211; 1<br \/>\nPredrag Ristovic, Manuel De Castris (Tarik Kasmi 80&prime;), Rudy Ngombo Mansoni, Sel\u00e7uk Alageyik, \u00ab\u00a0Fesquet\u00a0\u00bb Penga Ilenga, Steve Otte, Bareck Bendaha, Thomas Thibou, Inaki Calvo Marcilla (Gert Geraerts 59&prime;), Eric Deflandre.<br \/>\nButeur : Calvo Marcilla.<\/p>\n<p>(Avec l&rsquo;aide d&rsquo;Andrea Morreale)<\/p>\n<h4>Notre adversaire en d\u00e9tails : ROYAL EXCELSIOR VIRTON<\/h4>\n<p><a href=\"https:\/\/fcliege.be\/fr\/wp-content\/uploads\/2018\/10\/Logo_Royal_Excelsior_Virton_2013.png\"><img decoding=\"async\" loading=\"lazy\" class=\"alignleft wp-image-11820 \" src=\"https:\/\/fcliege.be\/fr\/wp-content\/uploads\/2018\/10\/Logo_Royal_Excelsior_Virton_2013-251x300.png\" alt=\"Logo_Royal_Excelsior_Virton_2013\" width=\"121\" height=\"142\" \/><\/a>14.04.1922 : Fondation de EXCELSIOR FOOTBALL CLUB VIRTON (maillot vert et blanc).<br \/>\n25.08.1922 : Affiliation \u00e0 l&rsquo;URBSFA.<br \/>\nD\u00e9cembre 1926 : Re\u00e7oit le n\u00b0 matricule 200.<br \/>\n21.06.1945 : Changement de d\u00e9nomination en EXCELSIOR SPORTING CLUB VIRTON.<br \/>\n24.04.1951 : Brevet de Soci\u00e9t\u00e9 Royale.<br \/>\n11.07.1951 : Changement de d\u00e9nomination en ROYAL EXCELSIOR SPORTING CLUB VIRTON.<br \/>\n15.06.1995 : Changement de d\u00e9nomination en ROYAL EXCELSIOR VIRTON (Publication au Moniteur Belge mais l&rsquo;officialisation\u00a0de cette modification \u00e0 l&rsquo;URBSFA n&rsquo;eut lieu que le 01.07.2002).<\/p>\n<p>(Dictionnaire des clubs affili\u00e9s \u00e0 l&rsquo;URBSFA depuis 1895 &#8211; Foot 100 asbl)<\/p>\n","protected":false},"excerpt":{"rendered":"<p>MOBILITE ET SECURITE Vous trouverez ci-dessous les dispositions qui seront en vigueur\u00a0en mati\u00e8re de mobilit\u00e9 et de s\u00e9curit\u00e9 pour la rencontre RE Virton\u00a0\u2013 RFC Li\u00e8ge de ce samedi. 1) La formule combi-car ne sera pas d&rsquo;application 2) Les sacs seront accept\u00e9s dans l\u2019enceinte du stade pour autant qu\u2019ils ne soient pas d\u2019une dimension sup\u00e9rieure \u00e0 [&hellip;]<\/p>\n","protected":false},"author":9,"featured_media":11822,"comment_status":"closed","ping_status":"closed","sticky":false,"template":"","format":"standard","meta":{"iawp_total_views":2},"categories":[24],"tags":[],"_links":{"self":[{"href":"https:\/\/fcliege.be\/fr\/wp-json\/wp\/v2\/posts\/11819"}],"collection":[{"href":"https:\/\/fcliege.be\/fr\/wp-json\/wp\/v2\/posts"}],"about":[{"href":"https:\/\/fcliege.be\/fr\/wp-json\/wp\/v2\/types\/post"}],"author":[{"embeddable":true,"href":"https:\/\/fcliege.be\/fr\/wp-json\/wp\/v2\/users\/9"}],"replies":[{"embeddable":true,"href":"https:\/\/fcliege.be\/fr\/wp-json\/wp\/v2\/comments?post=11819"}],"version-history":[{"count":2,"href":"https:\/\/fcliege.be\/fr\/wp-json\/wp\/v2\/posts\/11819\/revisions"}],"predecessor-version":[{"id":11823,"href":"https:\/\/fcliege.be\/fr\/wp-json\/wp\/v2\/posts\/11819\/revisions\/11823"}],"wp:featuredmedia":[{"embeddable":true,"href":"https:\/\/fcliege.be\/fr\/wp-json\/wp\/v2\/media\/11822"}],"wp:attachment":[{"href":"https:\/\/fcliege.be\/fr\/wp-json\/wp\/v2\/media?parent=11819"}],"wp:term":[{"taxonomy":"category","embeddable":true,"href":"https:\/\/fcliege.be\/fr\/wp-json\/wp\/v2\/categories?post=11819"},{"taxonomy":"post_tag","embeddable":true,"href":"https:\/\/fcliege.be\/fr\/wp-json\/wp\/v2\/tags?post=11819"}],"curies":[{"name":"wp","href":"https:\/\/api.w.org\/{rel}","templated":true}]}}