{"id":11836,"date":"2018-11-05T14:57:59","date_gmt":"2018-11-05T13:57:59","guid":{"rendered":"http:\/\/fcliege.be\/fr\/?p=11836"},"modified":"2018-11-05T14:57:59","modified_gmt":"2018-11-05T13:57:59","slug":"communique-de-lolympic-de-charleroi-relatif-aux-propos-de-lun-de-ses-entraineurs","status":"publish","type":"post","link":"https:\/\/fcliege.be\/fr\/communique-de-lolympic-de-charleroi-relatif-aux-propos-de-lun-de-ses-entraineurs\/","title":{"rendered":"COMMUNIQUE DE L&rsquo;OLYMPIC DE CHARLEROI RELATIF AUX PROPOS DE L&rsquo;UN DE SES ENTRAINEURS"},"content":{"rendered":"<p>La semaine derni\u00e8re, le Football Club Li\u00e9geois r\u00e9agissait aux propos\u00a0de l&rsquo;entraineur de l&rsquo;\u00e9quipe premi\u00e8re de l\u2019Olympic de Charleroi relatifs \u00e0 des accusations de corruption d\u2019un match de la saison derni\u00e8re.<br \/>\nA la demande de l&rsquo;Olympic, nous diffusons ci-dessous le communiqu\u00e9 qui nous a \u00e9t\u00e9 adress\u00e9 par la Direction du Club dans le cadre de cette affaire.<\/p>\n<p><em>A l\u2019attention du Pr\u00e9sident du FC Li\u00e8ge, Mr Jean-Paul Lacomble<\/em><br \/>\n<em>A l\u2019attention de la Direction de l\u2019ACFF,<\/em><br \/>\n<em>A l\u2019attention de la Commission des arbitres,<\/em><\/p>\n<p><em>Suite aux interviews de Mr S\u00f6ner Yurdakul li\u00e9es aux confrontations entre le FC Li\u00e8ge et l\u2019Olympic en 2017 et 2018 en tour final, parues ce lundi 29 octobre sur le site Walfoot et ces mardi 30 octobre et mercredi 31 octobre 2018 dans les quotidiens La Nouvelle Gazette et La Derni\u00e8re Heure\/Les Sports, la Direction de l\u2019Olympic de Charleroi tient a pr\u00e9senter ses excuses au FC Li\u00e8ge, \u00e0 sa Direction ainsi qu\u2019 \u00e0 tous ses supporters.<\/em><br \/>\n<em>Le Pr\u00e9sident de l\u2019Olympic Adem Sahin pr\u00e9sente \u00e9galement ses sinc\u00e8res excuses \u00e0 la Direction de l\u2019ACFF ainsi qu\u2019\u00e0 la Commission des arbitres.<\/em><\/p>\n<p><em>L\u2019Olympic de Charleroi souhaite continuer \u00e0 d\u00e9fendre les valeurs de respect, de fair-play et de loyaut\u00e9 dans le football sachant par ailleurs que le club pr\u00f4ne \u00e9galement des valeurs \u00e9ducatives et sociales importantes dans la r\u00e9gion de Charleroi gr\u00e2ce \u00e0 son \u00e9cole de football comptant plus de 500 jeunes.<\/em><\/p>\n<p><em>La Direction de l\u2019Olympic se d\u00e9solidarise des propos tenus par l\u2019entra\u00eeneur de l\u2019\u00e9quipe premi\u00e8re. Ce dernier est convoqu\u00e9 pour s\u2019expliquer lors du prochain Comit\u00e9 de Direction, ce lundi 5 novembre 2018. Provisoirement, il est demand\u00e9 \u00e0 Mr S\u00f6ner Yurdakul de ne plus communiquer avec la presse.<\/em><\/p>\n<p><em>Respectueusement,<\/em><\/p>\n<p><em>La Direction de l\u2019Olympic de Charleroi<br \/>\n<\/em><em>Son Pr\u00e9sident Adem Sahin.<\/em><\/p>\n","protected":false},"excerpt":{"rendered":"<p>La semaine derni\u00e8re, le Football Club Li\u00e9geois r\u00e9agissait aux propos\u00a0de l&rsquo;entraineur de l&rsquo;\u00e9quipe premi\u00e8re de l\u2019Olympic de Charleroi relatifs \u00e0 des accusations de corruption d\u2019un match de la saison derni\u00e8re. A la demande de l&rsquo;Olympic, nous diffusons ci-dessous le communiqu\u00e9 qui nous a \u00e9t\u00e9 adress\u00e9 par la Direction du Club dans le cadre de cette [&hellip;]<\/p>\n","protected":false},"author":9,"featured_media":0,"comment_status":"closed","ping_status":"closed","sticky":false,"template":"","format":"standard","meta":{"iawp_total_views":0},"categories":[1],"tags":[],"_links":{"self":[{"href":"https:\/\/fcliege.be\/fr\/wp-json\/wp\/v2\/posts\/11836"}],"collection":[{"href":"https:\/\/fcliege.be\/fr\/wp-json\/wp\/v2\/posts"}],"about":[{"href":"https:\/\/fcliege.be\/fr\/wp-json\/wp\/v2\/types\/post"}],"author":[{"embeddable":true,"href":"https:\/\/fcliege.be\/fr\/wp-json\/wp\/v2\/users\/9"}],"replies":[{"embeddable":true,"href":"https:\/\/fcliege.be\/fr\/wp-json\/wp\/v2\/comments?post=11836"}],"version-history":[{"count":2,"href":"https:\/\/fcliege.be\/fr\/wp-json\/wp\/v2\/posts\/11836\/revisions"}],"predecessor-version":[{"id":11838,"href":"https:\/\/fcliege.be\/fr\/wp-json\/wp\/v2\/posts\/11836\/revisions\/11838"}],"wp:attachment":[{"href":"https:\/\/fcliege.be\/fr\/wp-json\/wp\/v2\/media?parent=11836"}],"wp:term":[{"taxonomy":"category","embeddable":true,"href":"https:\/\/fcliege.be\/fr\/wp-json\/wp\/v2\/categories?post=11836"},{"taxonomy":"post_tag","embeddable":true,"href":"https:\/\/fcliege.be\/fr\/wp-json\/wp\/v2\/tags?post=11836"}],"curies":[{"name":"wp","href":"https:\/\/api.w.org\/{rel}","templated":true}]}}