{"id":11892,"date":"2018-11-15T15:13:37","date_gmt":"2018-11-15T14:13:37","guid":{"rendered":"http:\/\/fcliege.be\/fr\/?p=11892"},"modified":"2018-11-15T15:13:57","modified_gmt":"2018-11-15T14:13:57","slug":"rfcl-chatelet-fraciennes-fc-18-11-2018-15h00","status":"publish","type":"post","link":"https:\/\/fcliege.be\/fr\/rfcl-chatelet-fraciennes-fc-18-11-2018-15h00\/","title":{"rendered":"RFCL \u2013 Ch\u00e2telet-Farciennes FC | 18.11.2018 | 15h00"},"content":{"rendered":"<h4>Un peu d&rsquo;histoire<\/h4>\n<p>En championnat, nous n&rsquo;avons re\u00e7u qu&rsquo;une seule fois CH\u00c2TELET-FARCIENNES SPORTING CLUB (725), en Division 2 amateurs<br \/>\nMatch n\u00b0 3210 : 08.01.2017 ; score \u00a02 &#8211; 2<br \/>\nRobin Dengis, Benoit Masset, Emmanuel Massa, Eric Vandebon, Jonathan D&rsquo;Ostillio, Sergio Teruel Diaz, Amine Jiyar, Gr\u00e9gory Dufer (Fran\u00e7ois Henke 79&prime;), Benoit Bruggeman, Axel Dheur, William Mauclet (Ga\u00ebtan Audoor 67&prime;).<br \/>\nButeurs :\u00a0Benoit Masset,\u00a0Axel Dheur.<\/p>\n<p>(Avec l&rsquo;aide d&rsquo;Andrea Morreale)<\/p>\n<h4>Notre adversaire en d\u00e9tails :\u00a0CH\u00c2TELET-FARCIENNES SPORTING CLUB (725)<\/h4>\n<p><a href=\"https:\/\/fcliege.be\/fr\/wp-content\/uploads\/2018\/11\/chatelet_farciennes.png\"><img decoding=\"async\" loading=\"lazy\" class=\"alignleft wp-image-11894 size-full\" src=\"https:\/\/fcliege.be\/fr\/wp-content\/uploads\/2018\/11\/chatelet_farciennes.png\" alt=\"chatelet_farciennes\" width=\"200\" height=\"200\" srcset=\"https:\/\/fcliege.be\/fr\/wp-content\/uploads\/2018\/11\/chatelet_farciennes.png 200w, https:\/\/fcliege.be\/fr\/wp-content\/uploads\/2018\/11\/chatelet_farciennes-150x150.png 150w\" sizes=\"(max-width: 200px) 100vw, 200px\" \/><\/a>Reconstitution de CH\u00c2TELET SPORTING ASSOCIATION, d\u00e9missionn\u00e9 le 25.01.1920.<br \/>\n07.07.1926 : Fondation de CH\u00c2TELET SPORTING CLUB.<br \/>\n06.09.1926 : Affiliation \u00e0 l&rsquo; URBSFA.<br \/>\nD\u00e9cembre 1926 : re\u00e7oit le num\u00e9ro matricule 725.<br \/>\n15.10.1956 : Brevet de Soci\u00e9t\u00e9 Royale.<br \/>\n12.12.1956 : Changement de d\u00e9nomination en ROYAL CH\u00c2TELET SPORTING CLUB (725).<br \/>\n01.07.2017 : Changement de d\u00e9nomination en CH\u00c2TELET-FARCIENNES SPORTING CLUB (725).<\/p>\n<p>(Source : Dictionnaire des clubs affili\u00e9s \u00e0 l&rsquo;URBSFA depuis 1895 &#8211; Foot 100 asbl)<\/p>\n<p>&nbsp;<\/p>\n<p>(NDLR : on l&rsquo;a sans doute oubli\u00e9 : Ch\u00e2telet est, historiquement, plus li\u00e9geoise qu&rsquo;hennuy\u00e8re. Depuis le XII\u00b0 si\u00e8cle, elle fit partie pendant plus de six cents ans de la Principaut\u00e9 de Li\u00e8ge; elle fut l&rsquo;une des 23 Bonnes Villes de la Principaut\u00e9 et porte encore, sur son blason, le &#8230;perron li\u00e9geois !<br \/>\nC&rsquo;est \u00e9galement\u00a0\u00e0 Ch\u00e2telet\u00a0que se trouve\u00a0la maison de naissance du grand peintre Pierre Paulus qui dessina le \u00ab\u00a0Coq Hardi\u00a0\u00bb qui honore le drapeau de Wallonie qu&rsquo;arborent, avec fiert\u00e9, les Li\u00e9geois lors des f\u00eates de Wallonie et du XV ao\u00fbt !)<\/p>\n","protected":false},"excerpt":{"rendered":"<p>Un peu d&rsquo;histoire En championnat, nous n&rsquo;avons re\u00e7u qu&rsquo;une seule fois CH\u00c2TELET-FARCIENNES SPORTING CLUB (725), en Division 2 amateurs Match n\u00b0 3210 : 08.01.2017 ; score \u00a02 &#8211; 2 Robin Dengis, Benoit Masset, Emmanuel Massa, Eric Vandebon, Jonathan D&rsquo;Ostillio, Sergio Teruel Diaz, Amine Jiyar, Gr\u00e9gory Dufer (Fran\u00e7ois Henke 79&prime;), Benoit Bruggeman, Axel Dheur, William Mauclet [&hellip;]<\/p>\n","protected":false},"author":9,"featured_media":0,"comment_status":"closed","ping_status":"closed","sticky":false,"template":"","format":"standard","meta":{"iawp_total_views":0},"categories":[1,24],"tags":[],"_links":{"self":[{"href":"https:\/\/fcliege.be\/fr\/wp-json\/wp\/v2\/posts\/11892"}],"collection":[{"href":"https:\/\/fcliege.be\/fr\/wp-json\/wp\/v2\/posts"}],"about":[{"href":"https:\/\/fcliege.be\/fr\/wp-json\/wp\/v2\/types\/post"}],"author":[{"embeddable":true,"href":"https:\/\/fcliege.be\/fr\/wp-json\/wp\/v2\/users\/9"}],"replies":[{"embeddable":true,"href":"https:\/\/fcliege.be\/fr\/wp-json\/wp\/v2\/comments?post=11892"}],"version-history":[{"count":5,"href":"https:\/\/fcliege.be\/fr\/wp-json\/wp\/v2\/posts\/11892\/revisions"}],"predecessor-version":[{"id":11898,"href":"https:\/\/fcliege.be\/fr\/wp-json\/wp\/v2\/posts\/11892\/revisions\/11898"}],"wp:attachment":[{"href":"https:\/\/fcliege.be\/fr\/wp-json\/wp\/v2\/media?parent=11892"}],"wp:term":[{"taxonomy":"category","embeddable":true,"href":"https:\/\/fcliege.be\/fr\/wp-json\/wp\/v2\/categories?post=11892"},{"taxonomy":"post_tag","embeddable":true,"href":"https:\/\/fcliege.be\/fr\/wp-json\/wp\/v2\/tags?post=11892"}],"curies":[{"name":"wp","href":"https:\/\/api.w.org\/{rel}","templated":true}]}}