{"id":11929,"date":"2018-11-22T09:44:14","date_gmt":"2018-11-22T08:44:14","guid":{"rendered":"http:\/\/fcliege.be\/fr\/?p=11929"},"modified":"2018-11-22T09:51:59","modified_gmt":"2018-11-22T08:51:59","slug":"un-autre-vieux-serviteur-du-club-rentre-au-bercail","status":"publish","type":"post","link":"https:\/\/fcliege.be\/fr\/un-autre-vieux-serviteur-du-club-rentre-au-bercail\/","title":{"rendered":"UN AUTRE VIEUX SERVITEUR DU CLUB RENTRE AU BERCAIL\u00a0\u00a0\u00a0\u00a0\u00a0\u00a0\u00a0\u00a0\u00a0\u00a0\u00a0\u00a0\u00a0\u00a0"},"content":{"rendered":"<h4>Le Royal Football Club Li\u00e9geois est heureux d\u2019annoncer le retour \u00e0 Rocourt d\u2019un vieux serviteur du club, Jean-Fran\u00e7ois de\u00a0Sart.<\/h4>\n<p>Jean-Fran\u00e7ois entre en effet au Conseil d\u2019Administration et au Comit\u00e9 de Direction du club.<\/p>\n<p>Ag\u00e9 de 56 ans, Jean-Fran\u00e7ois a fait toutes ses classes au Football Club Li\u00e9geois, des pr\u00e9minimes \u00e0 l\u2019\u00e9quipe premi\u00e8re, pour laquelle il a disput\u00e9 311 matchs de championnat, le premier en ao\u00fbt 1982 contre le RFC S\u00e9r\u00e9sien, et le dernier en avril 1995 contre le FC Bruges. A part une escapade de deux ans au Sporting d\u2019Anderlecht, Jean-Fran\u00e7ois n\u2019a donc port\u00e9 en division 1 que la vareuse sang et marine, et a contribu\u00e9 \u00e0 \u00e9crire certaines des pages les plus glorieuses du club, telles que la victoire en coupe contre Ekeren, la finale contre Malines, ou les parcours formidables en coupe d\u2019Europe, avec \u00e0 la cl\u00e9 un but exceptionnel et inoubliable contre Hibernians Edimbourg.<\/p>\n<p>Apr\u00e8s sa carri\u00e8re de haut niveau, Jean-Fran\u00e7ois a \u00e9galement men\u00e9 une belle carri\u00e8re d\u2019entraineur, amenant notamment les Diablotins aux Jeux Olympiques de 2008, et de dirigeant puisqu\u2019il fut Directeur Sportif en Pro League. Jean-Fran\u00e7ois a \u00e9galement cumul\u00e9 ces exp\u00e9riences avec\u00a0sa profession de banquier et avec des missions d\u2019audit de clubs \u00e9trangers.<\/p>\n<p>Ces comp\u00e9tences accumul\u00e9es en font un renfort de choix pour la direction du Matricule 4, qui confirme du m\u00eame coup sa volont\u00e9 de professionnaliser progressivement le club afin de la rapprocher des sommets.<\/p>\n<p>\u00ab\u00a0<em>J\u2019avais toujours pens\u00e9 que je reviendrais \u00e0 Rocourt,\u00a0<\/em>confirme Jean-Fran\u00e7ois,\u00a0<em>et je suis tr\u00e8s heureux d\u2019avoir \u00e9t\u00e9 approch\u00e9 par la direction. L\u2019id\u00e9e de pouvoir aider mon club \u00e0 retrouver son lustre d\u2019antan est particuli\u00e8rement s\u00e9duisante, tout comme celle d\u2019\u00e9pauler Ga\u00ebtan Englebert dans la d\u00e9finition et la mise en oeuvre de la politique sportive du club<\/em>.\u00a0<em>Le travail de reconstruction men\u00e9 jusqu\u2019ici a \u00e9t\u00e9 remarquable, avec notamment deux mont\u00e9es sur les quatre derni\u00e8res ann\u00e9es et la r\u00e9ouverture du centre de formation de Wihogne, et je serai heureux de d\u00e9sormais y contribuer.\u00a0\u00bb<\/em><\/p>\n<p>&nbsp;<\/p>\n","protected":false},"excerpt":{"rendered":"<p>Le Royal Football Club Li\u00e9geois est heureux d\u2019annoncer le retour \u00e0 Rocourt d\u2019un vieux serviteur du club, Jean-Fran\u00e7ois de\u00a0Sart. Jean-Fran\u00e7ois entre en effet au Conseil d\u2019Administration et au Comit\u00e9 de Direction du club. Ag\u00e9 de 56 ans, Jean-Fran\u00e7ois a fait toutes ses classes au Football Club Li\u00e9geois, des pr\u00e9minimes \u00e0 l\u2019\u00e9quipe premi\u00e8re, pour laquelle il [&hellip;]<\/p>\n","protected":false},"author":9,"featured_media":7598,"comment_status":"closed","ping_status":"closed","sticky":false,"template":"","format":"standard","meta":{"iawp_total_views":0},"categories":[24],"tags":[],"_links":{"self":[{"href":"https:\/\/fcliege.be\/fr\/wp-json\/wp\/v2\/posts\/11929"}],"collection":[{"href":"https:\/\/fcliege.be\/fr\/wp-json\/wp\/v2\/posts"}],"about":[{"href":"https:\/\/fcliege.be\/fr\/wp-json\/wp\/v2\/types\/post"}],"author":[{"embeddable":true,"href":"https:\/\/fcliege.be\/fr\/wp-json\/wp\/v2\/users\/9"}],"replies":[{"embeddable":true,"href":"https:\/\/fcliege.be\/fr\/wp-json\/wp\/v2\/comments?post=11929"}],"version-history":[{"count":2,"href":"https:\/\/fcliege.be\/fr\/wp-json\/wp\/v2\/posts\/11929\/revisions"}],"predecessor-version":[{"id":11932,"href":"https:\/\/fcliege.be\/fr\/wp-json\/wp\/v2\/posts\/11929\/revisions\/11932"}],"wp:featuredmedia":[{"embeddable":true,"href":"https:\/\/fcliege.be\/fr\/wp-json\/wp\/v2\/media\/7598"}],"wp:attachment":[{"href":"https:\/\/fcliege.be\/fr\/wp-json\/wp\/v2\/media?parent=11929"}],"wp:term":[{"taxonomy":"category","embeddable":true,"href":"https:\/\/fcliege.be\/fr\/wp-json\/wp\/v2\/categories?post=11929"},{"taxonomy":"post_tag","embeddable":true,"href":"https:\/\/fcliege.be\/fr\/wp-json\/wp\/v2\/tags?post=11929"}],"curies":[{"name":"wp","href":"https:\/\/api.w.org\/{rel}","templated":true}]}}