{"id":12064,"date":"2018-12-17T10:06:07","date_gmt":"2018-12-17T09:06:07","guid":{"rendered":"http:\/\/fcliege.be\/fr\/?p=12064"},"modified":"2018-12-18T12:00:18","modified_gmt":"2018-12-18T11:00:18","slug":"une-rencontre-un-joueur-erwin-senakuku","status":"publish","type":"post","link":"https:\/\/fcliege.be\/fr\/une-rencontre-un-joueur-erwin-senakuku\/","title":{"rendered":"UNE RENCONTRE, UN JOUEUR : Erwin Senakuku"},"content":{"rendered":"<div>\n<div id=\"attachment_11510\" style=\"width: 210px\" class=\"wp-caption alignleft\"><img aria-describedby=\"caption-attachment-11510\" decoding=\"async\" loading=\"lazy\" class=\"wp-image-11510 size-medium\" src=\"https:\/\/fcliege.be\/fr\/wp-content\/uploads\/2013\/08\/11-08-2018_Portait-Officiel_Senakuku_-1-200x300.jpg\" alt=\"\" width=\"200\" height=\"300\" srcset=\"https:\/\/fcliege.be\/fr\/wp-content\/uploads\/2013\/08\/11-08-2018_Portait-Officiel_Senakuku_-1-200x300.jpg 200w, https:\/\/fcliege.be\/fr\/wp-content\/uploads\/2013\/08\/11-08-2018_Portait-Officiel_Senakuku_-1-682x1024.jpg 682w\" sizes=\"(max-width: 200px) 100vw, 200px\" \/><p id=\"caption-attachment-11510\" class=\"wp-caption-text\">14 &#8211; Erwin SENAKUKU | 01.09.94 | Attaquant<\/p><\/div>\n<p><strong>UNE RENCONTRE, UN JOUEUR : Erwin Senakuku Mukelepu<\/strong><\/p>\n<p><strong>Carte de visite <\/strong><\/p>\n<p>N\u00e9 le 01.09.1994 \u00e0 Namur<\/p>\n<p><strong>Parcours sportif<\/strong><\/p>\n<p>ETOILE ROUGE DE BELGRADE (8171) 03.09.2001\/29.04.2004<\/p>\n<p>C.A.P.S. NAMUR (9324) 01.09.2003\/29.04.2004 (pr\u00eat)<\/p>\n<p>C.A.P.S. NAMUR (9324) 08.05.2004\/29.04.2009<\/p>\n<p>SPORTING DU PAYS DE CHARLEROI (22) 01.07.2008\/29.04.2009 (pr\u00eat)<\/p>\n<p>ROYAL STANDARD DE LIEGE (22) 14.05.2009\/30.06.2012<\/p>\n<p>SPORTING DU PAYS DE CHARLEROI (22) 06.08.2012\/30.04.2014<\/p>\n<p>SERAING UNITED (167) puis, en 2015, FOOTBALL CLUB SERAING (167) 19.06.2014\/30.06.2016<\/p>\n<p>ROYAL FOOTBALL CLUB DE LIEGE (4) 17.01.2017\/29.04.2018<\/p>\n<div>\n<p>\u00a0 \u00a0 \u00a0 \u00a0 \u00a0 \u00a0 \u00a0 \u00a0 \u00a0 \u00a0 \u00a0 \u00a0 \u00a0 \u00a0 \u00a0 \u00a0 \u00a0 \u00a0 \u00a0 \u00a0 \u00a0 \u00a0 \u00a0 \u00a0 \u00a0 \u00a0 \u00a0 \u00a0 \u00a0 \u00a0 20.07.2018\/(2019)<\/p>\n<p>(sources Foot 100 asbl)<\/p>\n<p><strong>Statistiques (14.12.2018)<\/strong><\/p>\n<p>&#8211; a disput\u00e9 20 matches de championnat (5 buts)<\/p>\n<p>&#8211; 1\u00e8re match officiel : R FC DE LIEGE (4) &#8211; R UNION SPORTIVE GIVRY (6237)\u00a0 2 &#8211; 3\u00a0 (21.01.2017)<\/p>\n<p>Compo : Robin Dengis, Beno\u00eet Masset, Emmanuel Massa (Fran\u00e7ois Henke 69&prime;), Eric Vandebon, Jonathan D&rsquo;Ostilio, Sergio Teruel Diaz, Amine Jiyar, Gr\u00e9gory Dufer (Ga\u00ebtan Audoor 84&prime;), Beno\u00eet Bruggeman (Erwin Senakuku Mukelepu 46&prime;), Karim Ezzahri, Dylan Lambrecth.<\/p>\n<p>Buts : Dylan Lambrecth, Fran\u00e7ois Henke.<br \/>\n(Avec la collaboration d&rsquo;Andrea Morreale)<\/p>\n<p><strong>A coeur ouvert&#8230;<\/strong><\/p>\n<p><strong>Erwin, o\u00f9 \u00eates-vous n\u00e9 ?<\/strong><\/p>\n<p>A Namur, \u00e0 l&rsquo;H\u00f4pital Sante-Elisabeth.<\/p>\n<p><strong>O\u00f9 habitez-vous aujourd&rsquo;hui ?<\/strong><\/p>\n<p>J&rsquo;habite toujours \u00e0 Namur. Mais, pour la facilit\u00e9 des trajets, je r\u00e9side actuellement, \u00e0 Li\u00e8ge, chez un ami.<\/p>\n<p><strong>Vous \u00eates Belge mais qu&rsquo;elles sont vos origines ?<\/strong><\/p>\n<p>Congolaises, de la r\u00e9gion de Kinshasa. Je m&rsquo;y suis d\u00e9j\u00e0 rendu une fois.<\/p>\n<p><strong>Venez-vous d&rsquo;une famille de foot ?<\/strong><\/p>\n<p>Mon p\u00e8re jouait au foot mais n&rsquo;a jamais \u00e9t\u00e9 affili\u00e9 \u00e0 un club.<\/p>\n<p><strong>Avez-vous toujours \u00e9t\u00e9 attaquant ?<\/strong><\/p>\n<p>Non, au d\u00e9but, j&rsquo;\u00e9tais d\u00e9fenseur central. Puis, lors de mon passage au Sporting Charleroi, je suis devenu attaquant de pointe ou ailier.<\/p>\n<p><strong>Avec Charleroi, Standard ou Seraing, vous avez connu de grands clubs. Quelle diff\u00e9rence leur voyez-vous avec le R FC de Li\u00e8ge ?<\/strong><\/p>\n<p>Les supporters ! Je n&rsquo;avais jamais connu cela avant. C&rsquo;est magique ! Nos premi\u00e8res mi-temps ne sont pas toujours brillantes. Mais les supporters ne nous abandonnent pas. Cela nous donne de l&rsquo;\u00e9nergie. C&rsquo;est pour \u00e7a que souvent nous \u00e9mergeons en fin de match.<\/p>\n<p><strong>Avant le RFCL, vous \u00eates rest\u00e9 six mois sans club. Comment \u00eates-vous arriv\u00e9 \u00e0 Rocourt ?<\/strong><\/p>\n<p>Pendant cette p\u00e9riode, je me suis entra\u00een\u00e9 dans une acad\u00e9mie \u00e0 Bruxelles puis j&rsquo;ai re\u00e7u, en d\u00e9cembre, un coup de fil de Ga\u00ebtan Englebert.<\/p>\n<p><strong>Que gardez-vous de votre premier match officiel Rouge et Bleu ?<\/strong><\/p>\n<p>Un mauvais souvenir ! J&rsquo;avais donn\u00e9 un assist qui a permis \u00e0 Givry de marquer.<\/p>\n<p><strong>A part le foot, avez-vous d&rsquo;autres activit\u00e9s ?<\/strong><\/p>\n<p>Non, je consacre tout au foot.<\/p>\n<p><strong>Comment voyez-vous votre avenir ?<\/strong><\/p>\n<p>Je donne tout pour mes objectifs footballistiques. Ce sont eux qui feront mon avenir.<\/p>\n<p><strong>Lors du dernier match \u00e0 Rocourt, nous avons \u00e9t\u00e9 victimes de cris racistes. Qu&rsquo;en pensez-vous ?<\/strong><\/p>\n<p>La b\u00eatise, ne me touche pas ! Sinon pour augmenter ma volont\u00e9 de marquer un but.<\/p>\n<p>Retrouvez les autres interviews\u00a0<strong>UNE RENCONTRE, UN JOUEUR<\/strong>\u00a0en cliquant sur\u00a0<a href=\"https:\/\/fcliege.be\/fr\/une-rencontre-un-joueur\/\" rel=\"noopener noreferrer\">ce\u00a0<b>lien<\/b><\/a><\/p>\n<\/div>\n<\/div>\n<div id=\"signature\"><\/div>\n","protected":false},"excerpt":{"rendered":"<p>UNE RENCONTRE, UN JOUEUR : Erwin Senakuku Mukelepu Carte de visite N\u00e9 le 01.09.1994 \u00e0 Namur Parcours sportif ETOILE ROUGE DE BELGRADE (8171) 03.09.2001\/29.04.2004 C.A.P.S. NAMUR (9324) 01.09.2003\/29.04.2004 (pr\u00eat) C.A.P.S. NAMUR (9324) 08.05.2004\/29.04.2009 SPORTING DU PAYS DE CHARLEROI (22) 01.07.2008\/29.04.2009 (pr\u00eat) ROYAL STANDARD DE LIEGE (22) 14.05.2009\/30.06.2012 SPORTING DU PAYS DE CHARLEROI (22) 06.08.2012\/30.04.2014 SERAING [&hellip;]<\/p>\n","protected":false},"author":9,"featured_media":0,"comment_status":"closed","ping_status":"closed","sticky":false,"template":"","format":"standard","meta":{"iawp_total_views":4},"categories":[30],"tags":[],"_links":{"self":[{"href":"https:\/\/fcliege.be\/fr\/wp-json\/wp\/v2\/posts\/12064"}],"collection":[{"href":"https:\/\/fcliege.be\/fr\/wp-json\/wp\/v2\/posts"}],"about":[{"href":"https:\/\/fcliege.be\/fr\/wp-json\/wp\/v2\/types\/post"}],"author":[{"embeddable":true,"href":"https:\/\/fcliege.be\/fr\/wp-json\/wp\/v2\/users\/9"}],"replies":[{"embeddable":true,"href":"https:\/\/fcliege.be\/fr\/wp-json\/wp\/v2\/comments?post=12064"}],"version-history":[{"count":3,"href":"https:\/\/fcliege.be\/fr\/wp-json\/wp\/v2\/posts\/12064\/revisions"}],"predecessor-version":[{"id":12069,"href":"https:\/\/fcliege.be\/fr\/wp-json\/wp\/v2\/posts\/12064\/revisions\/12069"}],"wp:attachment":[{"href":"https:\/\/fcliege.be\/fr\/wp-json\/wp\/v2\/media?parent=12064"}],"wp:term":[{"taxonomy":"category","embeddable":true,"href":"https:\/\/fcliege.be\/fr\/wp-json\/wp\/v2\/categories?post=12064"},{"taxonomy":"post_tag","embeddable":true,"href":"https:\/\/fcliege.be\/fr\/wp-json\/wp\/v2\/tags?post=12064"}],"curies":[{"name":"wp","href":"https:\/\/api.w.org\/{rel}","templated":true}]}}