{"id":12070,"date":"2018-12-18T12:08:50","date_gmt":"2018-12-18T11:08:50","guid":{"rendered":"http:\/\/fcliege.be\/fr\/?p=12070"},"modified":"2018-12-18T12:20:33","modified_gmt":"2018-12-18T11:20:33","slug":"aurelie-lottin-entraineur-des-u6","status":"publish","type":"post","link":"https:\/\/fcliege.be\/fr\/aurelie-lottin-entraineur-des-u6\/","title":{"rendered":"Aur\u00e9lie Lottin, entraineuse des U6"},"content":{"rendered":"<p><strong><img decoding=\"async\" loading=\"lazy\" class=\"alignleft wp-image-12071 size-medium\" src=\"https:\/\/fcliege.be\/fr\/wp-content\/uploads\/2018\/12\/IMG_6191-e1545131077783-225x300.jpg\" alt=\"\" width=\"225\" height=\"300\" srcset=\"https:\/\/fcliege.be\/fr\/wp-content\/uploads\/2018\/12\/IMG_6191-e1545131077783-225x300.jpg 225w, https:\/\/fcliege.be\/fr\/wp-content\/uploads\/2018\/12\/IMG_6191-e1545131077783-768x1024.jpg 768w\" sizes=\"(max-width: 225px) 100vw, 225px\" \/>Quel \u00e2ge avez-vous ?<\/strong><\/p>\n<p>J&rsquo;ai 27 ans.<\/p>\n<p><strong>Quel est votre parcours en tant que joueuse ?<\/strong><\/p>\n<p>J\u2019ai jou\u00e9 au Standard, puis \u00e0 Gr\u00e2ce-Hollogne. Maintenant je joue \u00e0 Melin.<\/p>\n<p><strong>Quel est votre\u00a0parcours en tant qu&rsquo;entraineuse ?<\/strong><\/p>\n<p>En tant que coach, j\u2019ai d\u2019abord commenc\u00e9 \u00e0 Saive pendant 3 saisons. Puis je suis partie \u00e0 Blegny o\u00f9 j\u2019ai entrain\u00e9e pendant 2 ans. Apr\u00e8s je suis all\u00e9e \u00e0 Grivegn\u00e9e, puis \u00e0 Ans-Montegn\u00e9e et l\u00e0 c\u2019est ma premi\u00e8re saison au RFCL.<\/p>\n<p><strong>Combien de joueurs avez-vous dans votre \u00e9quipe ?<\/strong><\/p>\n<p>Nous sommes quatre entraineurs en U6 et nous nous nous partageons une vingtaine de gamins en g\u00e9n\u00e9ral.<\/p>\n<p><strong>Combien de fois donnez-vous entrainement par semaine ?<\/strong><\/p>\n<p>Les enfants s\u2019entrainent trois fois par semaine<\/p>\n<p><strong>\u00a0Quelle est votre philosophie ?<\/strong><\/p>\n<p>Je souhaite qu\u2019ils s\u2019\u00e9panouissent. Le foot, avant tout, et surtout \u00e0 leur \u00e2ge, c\u2019est s\u2019amuser<\/p>\n<p><strong>\u00a0Quel est votre objectif ? Que voulez-vous apprendre aux enfants ?<span class=\"Apple-converted-space\">\u00a0<\/span><\/strong><\/p>\n<p><span class=\"Apple-converted-space\">\u00a0<\/span>Je veux que les enfants viennent ici pour s\u2019amuser. Je veux qu\u2019ils soient content de venir \u00e0 l\u2019entrainement semaine apr\u00e8s semaine.<span class=\"Apple-converted-space\">\u00a0 <\/span>Et qu\u2019ils s\u2019am\u00e9liorent \u00e0 chaque entrainement.<span class=\"Apple-converted-space\">\u00a0<\/span><\/p>\n","protected":false},"excerpt":{"rendered":"<p>Quel \u00e2ge avez-vous ? J&rsquo;ai 27 ans. Quel est votre parcours en tant que joueuse ? J\u2019ai jou\u00e9 au Standard, puis \u00e0 Gr\u00e2ce-Hollogne. Maintenant je joue \u00e0 Melin. Quel est votre\u00a0parcours en tant qu&rsquo;entraineuse ? En tant que coach, j\u2019ai d\u2019abord commenc\u00e9 \u00e0 Saive pendant 3 saisons. Puis je suis partie \u00e0 Blegny o\u00f9 j\u2019ai [&hellip;]<\/p>\n","protected":false},"author":9,"featured_media":0,"comment_status":"closed","ping_status":"closed","sticky":false,"template":"","format":"standard","meta":{"iawp_total_views":1},"categories":[1],"tags":[],"_links":{"self":[{"href":"https:\/\/fcliege.be\/fr\/wp-json\/wp\/v2\/posts\/12070"}],"collection":[{"href":"https:\/\/fcliege.be\/fr\/wp-json\/wp\/v2\/posts"}],"about":[{"href":"https:\/\/fcliege.be\/fr\/wp-json\/wp\/v2\/types\/post"}],"author":[{"embeddable":true,"href":"https:\/\/fcliege.be\/fr\/wp-json\/wp\/v2\/users\/9"}],"replies":[{"embeddable":true,"href":"https:\/\/fcliege.be\/fr\/wp-json\/wp\/v2\/comments?post=12070"}],"version-history":[{"count":4,"href":"https:\/\/fcliege.be\/fr\/wp-json\/wp\/v2\/posts\/12070\/revisions"}],"predecessor-version":[{"id":12080,"href":"https:\/\/fcliege.be\/fr\/wp-json\/wp\/v2\/posts\/12070\/revisions\/12080"}],"wp:attachment":[{"href":"https:\/\/fcliege.be\/fr\/wp-json\/wp\/v2\/media?parent=12070"}],"wp:term":[{"taxonomy":"category","embeddable":true,"href":"https:\/\/fcliege.be\/fr\/wp-json\/wp\/v2\/categories?post=12070"},{"taxonomy":"post_tag","embeddable":true,"href":"https:\/\/fcliege.be\/fr\/wp-json\/wp\/v2\/tags?post=12070"}],"curies":[{"name":"wp","href":"https:\/\/api.w.org\/{rel}","templated":true}]}}