{"id":12075,"date":"2018-12-18T12:18:05","date_gmt":"2018-12-18T11:18:05","guid":{"rendered":"http:\/\/fcliege.be\/fr\/?p=12075"},"modified":"2018-12-18T12:19:09","modified_gmt":"2018-12-18T11:19:09","slug":"nicolas-denoel-entraineur-des-u6","status":"publish","type":"post","link":"https:\/\/fcliege.be\/fr\/nicolas-denoel-entraineur-des-u6\/","title":{"rendered":"Nicolas Denoel, entraineur des U6"},"content":{"rendered":"<p><b><img decoding=\"async\" loading=\"lazy\" class=\"alignleft wp-image-12076 size-medium\" src=\"https:\/\/fcliege.be\/fr\/wp-content\/uploads\/2018\/12\/IMG_6491-e1545131798558-225x300.jpg\" alt=\"\" width=\"225\" height=\"300\" srcset=\"https:\/\/fcliege.be\/fr\/wp-content\/uploads\/2018\/12\/IMG_6491-e1545131798558-225x300.jpg 225w, https:\/\/fcliege.be\/fr\/wp-content\/uploads\/2018\/12\/IMG_6491-e1545131798558-768x1024.jpg 768w\" sizes=\"(max-width: 225px) 100vw, 225px\" \/><\/b><strong>Pr\u00e9sentez-vous en quelques mots ?<\/strong><\/p>\n<p>J\u2019ai 22 ans, je suis \u00e9tudiant en \u00e9ducation physique \u00e0 Beckman.<\/p>\n<p><strong>Avez-vous un parcours de joueur ?<\/strong><\/p>\n<p>J\u2019ai d\u2019abord jou\u00e9 au Brussels puis je suis venu \u00e0 Li\u00e8ge pendant deux saisons. J\u2019ai ensuite continu\u00e9 \u00e0 Sprimont, \u00e0 Hamoir et je joue maintenant de D4 hollandaise au SKK Mersen.<\/p>\n<p><strong>Quel est votre parcours d\u2019entraineur ?<\/strong><\/p>\n<p>C\u2019est la premi\u00e8re saison que j\u2019entraine. J\u2019entraine ici au RFCL et aussi au foot indoor de Grivegn\u00e9e.<\/p>\n<p><strong>Combien d\u2019entra\u00eenements donnez-vous par semaine ?<\/strong><\/p>\n<p>Je donne entrainement trois fois par semaine.<\/p>\n<p><strong>Quelle philosophie avez-vous avec les enfants ?<\/strong><\/p>\n<p>Au niveau relationnel, je suis comme un grand fr\u00e8re pour eux.. Pour ce qui est du foot, je leur apprends les bases techniques. La construction du jeu est importante d\u00e9j\u00e0 \u00e0 cet \u00e2ge la. J\u2019aime un beau jeu de passes. J\u2019aime aussi quand ils se battent sur le terrain pour leurs co\u00e9quipiers.<\/p>\n<p><strong>Quel est votre objectif ?<\/strong><\/p>\n<p>Mon objectif est qu\u2019ils puissent tous monter en U7 et si possible en U7 A.<\/p>\n","protected":false},"excerpt":{"rendered":"<p>Pr\u00e9sentez-vous en quelques mots ? J\u2019ai 22 ans, je suis \u00e9tudiant en \u00e9ducation physique \u00e0 Beckman. Avez-vous un parcours de joueur ? J\u2019ai d\u2019abord jou\u00e9 au Brussels puis je suis venu \u00e0 Li\u00e8ge pendant deux saisons. J\u2019ai ensuite continu\u00e9 \u00e0 Sprimont, \u00e0 Hamoir et je joue maintenant de D4 hollandaise au SKK Mersen. Quel est [&hellip;]<\/p>\n","protected":false},"author":9,"featured_media":0,"comment_status":"closed","ping_status":"closed","sticky":false,"template":"","format":"standard","meta":{"iawp_total_views":9},"categories":[1],"tags":[],"_links":{"self":[{"href":"https:\/\/fcliege.be\/fr\/wp-json\/wp\/v2\/posts\/12075"}],"collection":[{"href":"https:\/\/fcliege.be\/fr\/wp-json\/wp\/v2\/posts"}],"about":[{"href":"https:\/\/fcliege.be\/fr\/wp-json\/wp\/v2\/types\/post"}],"author":[{"embeddable":true,"href":"https:\/\/fcliege.be\/fr\/wp-json\/wp\/v2\/users\/9"}],"replies":[{"embeddable":true,"href":"https:\/\/fcliege.be\/fr\/wp-json\/wp\/v2\/comments?post=12075"}],"version-history":[{"count":3,"href":"https:\/\/fcliege.be\/fr\/wp-json\/wp\/v2\/posts\/12075\/revisions"}],"predecessor-version":[{"id":12079,"href":"https:\/\/fcliege.be\/fr\/wp-json\/wp\/v2\/posts\/12075\/revisions\/12079"}],"wp:attachment":[{"href":"https:\/\/fcliege.be\/fr\/wp-json\/wp\/v2\/media?parent=12075"}],"wp:term":[{"taxonomy":"category","embeddable":true,"href":"https:\/\/fcliege.be\/fr\/wp-json\/wp\/v2\/categories?post=12075"},{"taxonomy":"post_tag","embeddable":true,"href":"https:\/\/fcliege.be\/fr\/wp-json\/wp\/v2\/tags?post=12075"}],"curies":[{"name":"wp","href":"https:\/\/api.w.org\/{rel}","templated":true}]}}