{"id":12149,"date":"2019-01-10T12:53:25","date_gmt":"2019-01-10T11:53:25","guid":{"rendered":"http:\/\/fcliege.be\/fr\/?p=12149"},"modified":"2019-01-10T12:53:25","modified_gmt":"2019-01-10T11:53:25","slug":"anthony-milosavlgevic-entraineur-des-u7-c","status":"publish","type":"post","link":"https:\/\/fcliege.be\/fr\/anthony-milosavlgevic-entraineur-des-u7-c\/","title":{"rendered":"Anthony Milosavlgevic, entraineur des U7 C"},"content":{"rendered":"<p><b><img decoding=\"async\" loading=\"lazy\" class=\"alignleft wp-image-12150 size-medium\" src=\"https:\/\/fcliege.be\/fr\/wp-content\/uploads\/2019\/01\/fullsizeoutput_101-225x300.jpeg\" alt=\"\" width=\"225\" height=\"300\" srcset=\"https:\/\/fcliege.be\/fr\/wp-content\/uploads\/2019\/01\/fullsizeoutput_101-225x300.jpeg 225w, https:\/\/fcliege.be\/fr\/wp-content\/uploads\/2019\/01\/fullsizeoutput_101-768x1024.jpeg 768w, https:\/\/fcliege.be\/fr\/wp-content\/uploads\/2019\/01\/fullsizeoutput_101.jpeg 1536w\" sizes=\"(max-width: 225px) 100vw, 225px\" \/><\/b><strong>Pr\u00e9sentez-vous en quelques mots ?<\/strong><\/p>\n<p>J\u2019ai 34 ans, je travail dans l\u2019a\u00e9ronautique. L\u2019an pass\u00e9 j\u2019\u00e9tais coach en U6.<\/p>\n<p><strong>Quel est votre parcours de joueur ?<\/strong><\/p>\n<p>J\u2019ai essentiellement jou\u00e9 en provincial.<\/p>\n<p><strong>Quel est votre parcours d\u2019entraineur ?<\/strong><\/p>\n<p>C\u2019est ma deuxi\u00e8me saison au RFCL. Comme je vous l\u2019ai dis tout \u00e0 l\u2019heure, j\u2019\u00e9tais en U6<span class=\"Apple-converted-space\">\u00a0<\/span><\/p>\n<p>l\u2019an dernier et je suis mont\u00e9 avec eux en U7.<\/p>\n<p><strong>Combien de joueurs avez-vous dans votre noyau ?<\/strong><\/p>\n<p>J\u2019ai un noyau de 10 joueurs.<\/p>\n<p><strong>Combien de fois par semaine entrainez-vous vos U7 ?<\/strong><\/p>\n<p>Nous nous entrainons 3x par semaine.<\/p>\n<p><strong>Quelle est votre philosophie avec les enfants ?<\/strong><\/p>\n<p>Je veux leur faire aimer le sport, le football en l\u2019occurence. Je veux qu\u2019ils s\u2019amusent et qu\u2019on joue un jeu en \u00e9quipe.<\/p>\n<p><strong>Quel est votre objectif avec eux ?<\/strong><\/p>\n<p>Je vois une diff\u00e9rence de mentalit\u00e9 avec les U7 A. Eux ils sont la car ils aiment vraiment le football et ce sont les plus dou\u00e9s. Les C, souvent, ce n\u2019est pas leur choix de faire du football. Alors je fais tout pour qu\u2019ils se sentent bien ici et qu\u2019ils aiment ce sport perp\u00e9tuellement.<span class=\"Apple-converted-space\">\u00a0<\/span><\/p>\n","protected":false},"excerpt":{"rendered":"<p>Pr\u00e9sentez-vous en quelques mots ? J\u2019ai 34 ans, je travail dans l\u2019a\u00e9ronautique. L\u2019an pass\u00e9 j\u2019\u00e9tais coach en U6. Quel est votre parcours de joueur ? J\u2019ai essentiellement jou\u00e9 en provincial. Quel est votre parcours d\u2019entraineur ? C\u2019est ma deuxi\u00e8me saison au RFCL. Comme je vous l\u2019ai dis tout \u00e0 l\u2019heure, j\u2019\u00e9tais en U6\u00a0 l\u2019an dernier [&hellip;]<\/p>\n","protected":false},"author":9,"featured_media":0,"comment_status":"closed","ping_status":"closed","sticky":false,"template":"","format":"standard","meta":{"iawp_total_views":2},"categories":[1],"tags":[],"_links":{"self":[{"href":"https:\/\/fcliege.be\/fr\/wp-json\/wp\/v2\/posts\/12149"}],"collection":[{"href":"https:\/\/fcliege.be\/fr\/wp-json\/wp\/v2\/posts"}],"about":[{"href":"https:\/\/fcliege.be\/fr\/wp-json\/wp\/v2\/types\/post"}],"author":[{"embeddable":true,"href":"https:\/\/fcliege.be\/fr\/wp-json\/wp\/v2\/users\/9"}],"replies":[{"embeddable":true,"href":"https:\/\/fcliege.be\/fr\/wp-json\/wp\/v2\/comments?post=12149"}],"version-history":[{"count":2,"href":"https:\/\/fcliege.be\/fr\/wp-json\/wp\/v2\/posts\/12149\/revisions"}],"predecessor-version":[{"id":12152,"href":"https:\/\/fcliege.be\/fr\/wp-json\/wp\/v2\/posts\/12149\/revisions\/12152"}],"wp:attachment":[{"href":"https:\/\/fcliege.be\/fr\/wp-json\/wp\/v2\/media?parent=12149"}],"wp:term":[{"taxonomy":"category","embeddable":true,"href":"https:\/\/fcliege.be\/fr\/wp-json\/wp\/v2\/categories?post=12149"},{"taxonomy":"post_tag","embeddable":true,"href":"https:\/\/fcliege.be\/fr\/wp-json\/wp\/v2\/tags?post=12149"}],"curies":[{"name":"wp","href":"https:\/\/api.w.org\/{rel}","templated":true}]}}