{"id":12153,"date":"2019-01-10T13:01:07","date_gmt":"2019-01-10T12:01:07","guid":{"rendered":"http:\/\/fcliege.be\/fr\/?p=12153"},"modified":"2019-01-10T13:01:07","modified_gmt":"2019-01-10T12:01:07","slug":"morana-granata-entraineur-des-u7-b","status":"publish","type":"post","link":"https:\/\/fcliege.be\/fr\/morana-granata-entraineur-des-u7-b\/","title":{"rendered":"Morana Granata, entraineur des U7 B"},"content":{"rendered":"<p><b><img decoding=\"async\" loading=\"lazy\" class=\"alignleft wp-image-12154 size-medium\" src=\"https:\/\/fcliege.be\/fr\/wp-content\/uploads\/2019\/01\/image1-225x300.jpeg\" alt=\"\" width=\"225\" height=\"300\" srcset=\"https:\/\/fcliege.be\/fr\/wp-content\/uploads\/2019\/01\/image1-225x300.jpeg 225w, https:\/\/fcliege.be\/fr\/wp-content\/uploads\/2019\/01\/image1-768x1024.jpeg 768w, https:\/\/fcliege.be\/fr\/wp-content\/uploads\/2019\/01\/image1.jpeg 1536w\" sizes=\"(max-width: 225px) 100vw, 225px\" \/><\/b><strong>Pr\u00e9sentez-vous en quelques mots ?<\/strong><\/p>\n<p>J\u2019ai 27 ans, je suis professeur d\u2019\u00e9ducation physique et j\u2019adore le football depuis que je suis toute petite !<\/p>\n<p><strong>Avez-vous un parcours de joueuse ?<\/strong><\/p>\n<p>\u00c7a fait un an que je joue \u00e0 Vottem<\/p>\n<p><strong>Quel est votre parcours d\u2019entraineur ?<\/strong><\/p>\n<p>C\u2019est la deuxi\u00e8me saison que j\u2019entraine ici au RFCL<\/p>\n<p><strong>Combien de joueurs avez-vous dans votre \u00e9quipe ?<span class=\"Apple-converted-space\">\u00a0<\/span><\/strong><\/p>\n<p>J\u2019ai un noyau de 9 joueurs.<\/p>\n<p><strong>Quelle est votre philosophie avec les enfants ?<\/strong><\/p>\n<p>Ce sont des enfants, je veux qu\u2019ils s\u2019amusent. Je pr\u00f4ne aussi le jeu et l\u2019esprit d\u2019\u00e9quipe. Ils doivent apprendre aussi, ils doivent se trouver et c\u2019est pour cela que je les fais \u00e9voluer \u00e0 toutes les places.<\/p>\n<p><strong>Quel est votre objectif avec vos joueurs ?<\/strong><\/p>\n<p>Qu\u2019ils progressent chaque semaine. Et pourquoi pas, les voir dans quelques ann\u00e9es \u00e9voluer le plus haut possible. Je serais fi\u00e8re si l&rsquo;un d&rsquo;entre-eux \u00a0joue un jour au plus haut niveau.<\/p>\n","protected":false},"excerpt":{"rendered":"<p>Pr\u00e9sentez-vous en quelques mots ? J\u2019ai 27 ans, je suis professeur d\u2019\u00e9ducation physique et j\u2019adore le football depuis que je suis toute petite ! Avez-vous un parcours de joueuse ? \u00c7a fait un an que je joue \u00e0 Vottem Quel est votre parcours d\u2019entraineur ? C\u2019est la deuxi\u00e8me saison que j\u2019entraine ici au RFCL Combien [&hellip;]<\/p>\n","protected":false},"author":9,"featured_media":0,"comment_status":"closed","ping_status":"closed","sticky":false,"template":"","format":"standard","meta":{"iawp_total_views":3},"categories":[1],"tags":[],"_links":{"self":[{"href":"https:\/\/fcliege.be\/fr\/wp-json\/wp\/v2\/posts\/12153"}],"collection":[{"href":"https:\/\/fcliege.be\/fr\/wp-json\/wp\/v2\/posts"}],"about":[{"href":"https:\/\/fcliege.be\/fr\/wp-json\/wp\/v2\/types\/post"}],"author":[{"embeddable":true,"href":"https:\/\/fcliege.be\/fr\/wp-json\/wp\/v2\/users\/9"}],"replies":[{"embeddable":true,"href":"https:\/\/fcliege.be\/fr\/wp-json\/wp\/v2\/comments?post=12153"}],"version-history":[{"count":2,"href":"https:\/\/fcliege.be\/fr\/wp-json\/wp\/v2\/posts\/12153\/revisions"}],"predecessor-version":[{"id":12156,"href":"https:\/\/fcliege.be\/fr\/wp-json\/wp\/v2\/posts\/12153\/revisions\/12156"}],"wp:attachment":[{"href":"https:\/\/fcliege.be\/fr\/wp-json\/wp\/v2\/media?parent=12153"}],"wp:term":[{"taxonomy":"category","embeddable":true,"href":"https:\/\/fcliege.be\/fr\/wp-json\/wp\/v2\/categories?post=12153"},{"taxonomy":"post_tag","embeddable":true,"href":"https:\/\/fcliege.be\/fr\/wp-json\/wp\/v2\/tags?post=12153"}],"curies":[{"name":"wp","href":"https:\/\/api.w.org\/{rel}","templated":true}]}}