{"id":12157,"date":"2019-01-10T13:13:19","date_gmt":"2019-01-10T12:13:19","guid":{"rendered":"http:\/\/fcliege.be\/fr\/?p=12157"},"modified":"2019-01-10T13:14:47","modified_gmt":"2019-01-10T12:14:47","slug":"eric-vandebon-entraineur-des-u7-a","status":"publish","type":"post","link":"https:\/\/fcliege.be\/fr\/eric-vandebon-entraineur-des-u7-a\/","title":{"rendered":"Eric Vandebon, entraineur des U7 A"},"content":{"rendered":"<div id=\"attachment_11513\" style=\"width: 210px\" class=\"wp-caption alignleft\"><img aria-describedby=\"caption-attachment-11513\" decoding=\"async\" loading=\"lazy\" class=\"wp-image-11513 size-medium\" src=\"https:\/\/fcliege.be\/fr\/wp-content\/uploads\/2013\/08\/11-08-2018_Portait-Officiel_Vandebon.E_-1-200x300.jpg\" alt=\"\" width=\"200\" height=\"300\" srcset=\"https:\/\/fcliege.be\/fr\/wp-content\/uploads\/2013\/08\/11-08-2018_Portait-Officiel_Vandebon.E_-1-200x300.jpg 200w, https:\/\/fcliege.be\/fr\/wp-content\/uploads\/2013\/08\/11-08-2018_Portait-Officiel_Vandebon.E_-1-682x1024.jpg 682w\" sizes=\"(max-width: 200px) 100vw, 200px\" \/><p id=\"caption-attachment-11513\" class=\"wp-caption-text\">6 &#8211; Eric VANDEBON | 26.05.82 | D\u00e9fenseur central gauche<\/p><\/div>\n<p><strong>Pr\u00e9sentez-vous en quelques mots ?<\/strong><\/p>\n<p>J\u2019ai 36 ans, je suis manager commercial dans l\u2019industrie pharmaceutique. Je suis professeur d\u2019\u00e9ducation physique de formation. J\u2019ai un dipl\u00f4me UEFA B. Je suis \u00e9galement le capitaine de la D1 amateur<\/p>\n<p><strong>Pr\u00e9sentez-nous votre parcours de joueur ?<\/strong><\/p>\n<p>J\u2019ai \u00e9t\u00e9 form\u00e9 \u00e0 Waremme et au Standard. Puis j\u2019ai rejou\u00e9 \u00e0 Waremme en \u00e9quipe premi\u00e8re. Ensuite j&rsquo;ai rejoint la Flandre pendant 3 saisons \u00e0 Hedera Millen. Apr\u00e8s \u00e7a, j\u2019ai jou\u00e9 \u00e0 Huy pendant 2 ans, puis \u00e0 Seraing 1 an. Par apr\u00e8s, j\u2019ai \u00e9volu\u00e9 2 saisons \u00e0 Tongres, 2 ans \u00e0 Massmechelen et \u00e7a fait 7 saisons que je joue pour le matricule 4.<\/p>\n<p><strong>Combien de joueurs avez vous en U7 A ?<\/strong><\/p>\n<p><span class=\"Apple-converted-space\">\u00a0<\/span>J\u2019ai un noyau de 8 joueurs mais en U7, nous sommes 3 entraineurs et nous avons en tout un grand noyau de pr\u00e8s de 40 joueurs.<\/p>\n<p><strong><span class=\"Apple-converted-space\">\u00a0<\/span>Combien de fois par semaine entrainez-vous les U7A ?<\/strong><\/p>\n<p>Ils ont entrainement trois fois par semaine, mais moi je donne entrainement que deux fois car j\u2019ai aussi entrainement le soir.<span class=\"Apple-converted-space\">\u00a0<\/span><\/p>\n<p><strong>Quelle est votre philosophie pour vos jeunes joueurs ?<\/strong><\/p>\n<p>Qu\u2019ils s\u2019amusent et surtout, qu\u2019ils comprennent vite. Moi, je fais que des exercices avec ballon. Le plus important est la manipulation du ballon. Sans \u00e7a, tu ne peux pas jouer au football.<\/p>\n<p><strong>Quel est votre objectif avec eux ?<\/strong><\/p>\n<p>Qu\u2019ils apprennent, et tout \u00e7a, en s\u2019amusant.<\/p>\n","protected":false},"excerpt":{"rendered":"<p>Pr\u00e9sentez-vous en quelques mots ? J\u2019ai 36 ans, je suis manager commercial dans l\u2019industrie pharmaceutique. Je suis professeur d\u2019\u00e9ducation physique de formation. J\u2019ai un dipl\u00f4me UEFA B. Je suis \u00e9galement le capitaine de la D1 amateur Pr\u00e9sentez-nous votre parcours de joueur ? J\u2019ai \u00e9t\u00e9 form\u00e9 \u00e0 Waremme et au Standard. Puis j\u2019ai rejou\u00e9 \u00e0 Waremme [&hellip;]<\/p>\n","protected":false},"author":9,"featured_media":0,"comment_status":"closed","ping_status":"closed","sticky":false,"template":"","format":"standard","meta":{"iawp_total_views":4},"categories":[1],"tags":[],"_links":{"self":[{"href":"https:\/\/fcliege.be\/fr\/wp-json\/wp\/v2\/posts\/12157"}],"collection":[{"href":"https:\/\/fcliege.be\/fr\/wp-json\/wp\/v2\/posts"}],"about":[{"href":"https:\/\/fcliege.be\/fr\/wp-json\/wp\/v2\/types\/post"}],"author":[{"embeddable":true,"href":"https:\/\/fcliege.be\/fr\/wp-json\/wp\/v2\/users\/9"}],"replies":[{"embeddable":true,"href":"https:\/\/fcliege.be\/fr\/wp-json\/wp\/v2\/comments?post=12157"}],"version-history":[{"count":4,"href":"https:\/\/fcliege.be\/fr\/wp-json\/wp\/v2\/posts\/12157\/revisions"}],"predecessor-version":[{"id":12161,"href":"https:\/\/fcliege.be\/fr\/wp-json\/wp\/v2\/posts\/12157\/revisions\/12161"}],"wp:attachment":[{"href":"https:\/\/fcliege.be\/fr\/wp-json\/wp\/v2\/media?parent=12157"}],"wp:term":[{"taxonomy":"category","embeddable":true,"href":"https:\/\/fcliege.be\/fr\/wp-json\/wp\/v2\/categories?post=12157"},{"taxonomy":"post_tag","embeddable":true,"href":"https:\/\/fcliege.be\/fr\/wp-json\/wp\/v2\/tags?post=12157"}],"curies":[{"name":"wp","href":"https:\/\/api.w.org\/{rel}","templated":true}]}}