{"id":12221,"date":"2019-01-30T13:38:09","date_gmt":"2019-01-30T12:38:09","guid":{"rendered":"http:\/\/fcliege.be\/fr\/?p=12221"},"modified":"2019-01-30T13:38:09","modified_gmt":"2019-01-30T12:38:09","slug":"ryan-lumbela-entraineur-des-u9-d","status":"publish","type":"post","link":"https:\/\/fcliege.be\/fr\/ryan-lumbela-entraineur-des-u9-d\/","title":{"rendered":"Ryan Lumbela, entraineur des U9 D"},"content":{"rendered":"<p><strong><img decoding=\"async\" loading=\"lazy\" class=\"alignleft wp-image-12222 size-medium\" src=\"https:\/\/fcliege.be\/fr\/wp-content\/uploads\/2019\/01\/fullsizeoutput_1d-225x300.jpeg\" alt=\"\" width=\"225\" height=\"300\" srcset=\"https:\/\/fcliege.be\/fr\/wp-content\/uploads\/2019\/01\/fullsizeoutput_1d-225x300.jpeg 225w, https:\/\/fcliege.be\/fr\/wp-content\/uploads\/2019\/01\/fullsizeoutput_1d-768x1022.jpeg 768w, https:\/\/fcliege.be\/fr\/wp-content\/uploads\/2019\/01\/fullsizeoutput_1d-769x1024.jpeg 769w, https:\/\/fcliege.be\/fr\/wp-content\/uploads\/2019\/01\/fullsizeoutput_1d.jpeg 1761w\" sizes=\"(max-width: 225px) 100vw, 225px\" \/>\u00a0Pr\u00e9sentez-vous en quelques mots ?<\/strong><\/p>\n<p>J\u2019ai 21 ans et je suis \u00e9tudiant en coaching sportif. A cot\u00e9 de \u00e7a, je travaille pour une agence qui s\u2019appelle LUMAGroupeCO. J\u2019y travaille comme coach et comme scout.<\/p>\n<p><strong>Quel est votre parcours de joueur ?<\/strong><\/p>\n<p>J\u2019ai \u00e9volu\u00e9 au DC Cointe de 8 \u00e0 13 ans puis j\u2019ai \u00e9t\u00e9 rep\u00e9r\u00e9 par le RFCL o\u00f9 j\u2019ai jou\u00e9 de U14 \u00e0 U21. Apr\u00e8s \u00e7a, je suis all\u00e9 au RFC Huy o\u00f9 j\u2019ai jou\u00e9 en D3 amateur pendant une saison. J\u2019ai d\u00e9cid\u00e9 d\u2019arr\u00eater le football pour me concentrer sur le coaching.<\/p>\n<p><strong>\u00a0Et en tant qu\u2019entraineur ?<\/strong><\/p>\n<p>C\u2019est ma premi\u00e8re saison en tant qu\u2019entraineur<\/p>\n<p><strong>\u00a0<\/strong><strong>Combien de joueur avez-vous dans votre \u00e9quipe ?\u00a0<\/strong><\/p>\n<p>J\u2019ai un groupe de 8 joueurs<\/p>\n<p><strong>\u00a0Pourquoi avoir pris en main une \u00e9quipe qui joue \u00e0 5 contre 5 ?<\/strong><\/p>\n<p>Pour ne pas vous mentir, je n\u2019ai pas choisi mon \u00e9quipe, on me l\u2019a propos\u00e9e et j\u2019ai accept\u00e9. Mais je suis content de l\u2019avoir car je peux m\u2019acclimater avec cette nouvelle fonction d\u2019entraineur.<\/p>\n<p><strong>\u00a0Combien avez-vous d\u2019entrainements par semaine ?<\/strong><\/p>\n<p>Je donne 3 entrainements par semaine \u00e0 mes joueurs, les lundis, mercredis et vendredis.<\/p>\n<p><strong>\u00a0Quelle est votre philosophie ? Que voulez-vous apprendre aux enfants?<\/strong><\/p>\n<p>Je veux apprendre \u00e0 mes gamins le beau jeu. Celui qui est pr\u00f4n\u00e9 par les plus grands comme Johan Cruyff ou encore Pep Guardiola. Le message que je veux \u00e9galement leur faire passer, et c\u2019est d\u00e9j\u00e0 important \u00e0 cet \u00e2ge l\u00e0, c\u2019est que sans travailler, tu n\u2019auras absolument rien.<\/p>\n<p><strong>\u00a0Quels sont vos objectifs avec les enfants ?<\/strong><\/p>\n<p>Mon objectif n\u2019est pas forc\u00e9ment de gagner les matches mais de faire progresser les enfants. Si au cours de la saison certains montent en C, B, ou en A ou que l\u2019an prochain, l&rsquo;un d\u2019entre eux va dans un club \u00e9lite, je serai un coach heureux !<span class=\"Apple-converted-space\">\u00a0<\/span><\/p>\n","protected":false},"excerpt":{"rendered":"<p>\u00a0Pr\u00e9sentez-vous en quelques mots ? J\u2019ai 21 ans et je suis \u00e9tudiant en coaching sportif. A cot\u00e9 de \u00e7a, je travaille pour une agence qui s\u2019appelle LUMAGroupeCO. J\u2019y travaille comme coach et comme scout. Quel est votre parcours de joueur ? J\u2019ai \u00e9volu\u00e9 au DC Cointe de 8 \u00e0 13 ans puis j\u2019ai \u00e9t\u00e9 rep\u00e9r\u00e9 [&hellip;]<\/p>\n","protected":false},"author":9,"featured_media":0,"comment_status":"closed","ping_status":"closed","sticky":false,"template":"","format":"standard","meta":{"iawp_total_views":5},"categories":[1],"tags":[],"_links":{"self":[{"href":"https:\/\/fcliege.be\/fr\/wp-json\/wp\/v2\/posts\/12221"}],"collection":[{"href":"https:\/\/fcliege.be\/fr\/wp-json\/wp\/v2\/posts"}],"about":[{"href":"https:\/\/fcliege.be\/fr\/wp-json\/wp\/v2\/types\/post"}],"author":[{"embeddable":true,"href":"https:\/\/fcliege.be\/fr\/wp-json\/wp\/v2\/users\/9"}],"replies":[{"embeddable":true,"href":"https:\/\/fcliege.be\/fr\/wp-json\/wp\/v2\/comments?post=12221"}],"version-history":[{"count":5,"href":"https:\/\/fcliege.be\/fr\/wp-json\/wp\/v2\/posts\/12221\/revisions"}],"predecessor-version":[{"id":12227,"href":"https:\/\/fcliege.be\/fr\/wp-json\/wp\/v2\/posts\/12221\/revisions\/12227"}],"wp:attachment":[{"href":"https:\/\/fcliege.be\/fr\/wp-json\/wp\/v2\/media?parent=12221"}],"wp:term":[{"taxonomy":"category","embeddable":true,"href":"https:\/\/fcliege.be\/fr\/wp-json\/wp\/v2\/categories?post=12221"},{"taxonomy":"post_tag","embeddable":true,"href":"https:\/\/fcliege.be\/fr\/wp-json\/wp\/v2\/tags?post=12221"}],"curies":[{"name":"wp","href":"https:\/\/api.w.org\/{rel}","templated":true}]}}