{"id":12228,"date":"2019-01-30T13:47:03","date_gmt":"2019-01-30T12:47:03","guid":{"rendered":"http:\/\/fcliege.be\/fr\/?p=12228"},"modified":"2019-01-30T13:49:39","modified_gmt":"2019-01-30T12:49:39","slug":"raphael-budenaers-entraineur-des-u9-c","status":"publish","type":"post","link":"https:\/\/fcliege.be\/fr\/raphael-budenaers-entraineur-des-u9-c\/","title":{"rendered":"Raphael Budenaers, entraineur des U9 C"},"content":{"rendered":"<p><b><img decoding=\"async\" loading=\"lazy\" class=\"alignleft wp-image-12229 size-medium\" src=\"https:\/\/fcliege.be\/fr\/wp-content\/uploads\/2019\/01\/31172180_10216224240784266_5516625336952946688_n-300x300.jpg\" alt=\"\" width=\"300\" height=\"300\" srcset=\"https:\/\/fcliege.be\/fr\/wp-content\/uploads\/2019\/01\/31172180_10216224240784266_5516625336952946688_n-300x300.jpg 300w, https:\/\/fcliege.be\/fr\/wp-content\/uploads\/2019\/01\/31172180_10216224240784266_5516625336952946688_n-150x150.jpg 150w, https:\/\/fcliege.be\/fr\/wp-content\/uploads\/2019\/01\/31172180_10216224240784266_5516625336952946688_n.jpg 750w\" sizes=\"(max-width: 300px) 100vw, 300px\" \/><\/b><strong>\u00a0Pr\u00e9sentez-vous en quelques mots ?<\/strong><\/p>\n<p>J\u2019ai 37 ans. Je suis actuellement \u00e0 la recherche d\u2019emploi. Dans les semaines qui viennent, je compte passer les brevets d&rsquo;entraineur afin d\u2019approfondir mes connaissances.<\/p>\n<p><strong>Quel est votre parcours de joueur ?<\/strong><\/p>\n<p>J\u2019ai jou\u00e9 au mini-foot pendant 16 ans<span class=\"Apple-converted-space\">\u00a0<\/span><\/p>\n<p><strong>\u00a0Et celui d\u2019entraineur ?<\/strong><\/p>\n<p>J&rsquo;ai entrain\u00e9 en adulte au mini-foot. J\u2019entrainais la RIL. Nous sommes pass\u00e9s de la cinqui\u00e8me \u00e0 la premi\u00e8re division et tout \u00e7a avec le m\u00eame noyau. Cette saison, c\u2019est ma troisi\u00e8me ann\u00e9e au RFCL.<\/p>\n<p><strong>Comment \u00eates-vous pass\u00e9 du mini-foot au football ?<\/strong><\/p>\n<p>Un ami qui travaillait pour le RFCL m\u2019a propos\u00e9 le poste car il suivait mes bons r\u00e9sultats au mini-foot. Il m\u2019a propos\u00e9 de prendre une \u00e9quipe du jeu \u00e0 5 car c\u2019est le m\u00eame principe qu\u2019au mini-foot.<\/p>\n<p><strong>Quelle est votre philosophie de travail avec les enfants ?<\/strong><\/p>\n<p>Je suis p\u00e8re de famille, je vois les choses autrement. J\u2019aime avoir un rapport p\u00e8re-fils avec mes joueurs. Ils sont ici pour prendre du plaisir apr\u00e8s l\u2019\u00e9cole. Je suis un maximum \u00e0 l\u2019\u00e9coute, je suis patient et juste. Je ne suis pas autoritaire.<span class=\"Apple-converted-space\">\u00a0<\/span><\/p>\n<p><strong>Quel est votre objectif avec eux ?<\/strong><\/p>\n<p>Qu\u2019ils progressent \u00e9videmment. Mais mon vrai objectif est de gagner un tournoi cette saison. \u00c7a fait trois ans que je les ai et nous n\u2019avons toujours pas gagn\u00e9 de tournoi.<\/p>\n","protected":false},"excerpt":{"rendered":"<p>\u00a0Pr\u00e9sentez-vous en quelques mots ? J\u2019ai 37 ans. Je suis actuellement \u00e0 la recherche d\u2019emploi. Dans les semaines qui viennent, je compte passer les brevets d&rsquo;entraineur afin d\u2019approfondir mes connaissances. Quel est votre parcours de joueur ? J\u2019ai jou\u00e9 au mini-foot pendant 16 ans\u00a0 \u00a0Et celui d\u2019entraineur ? J&rsquo;ai entrain\u00e9 en adulte au mini-foot. J\u2019entrainais [&hellip;]<\/p>\n","protected":false},"author":9,"featured_media":0,"comment_status":"closed","ping_status":"closed","sticky":false,"template":"","format":"standard","meta":{"iawp_total_views":9},"categories":[1],"tags":[],"_links":{"self":[{"href":"https:\/\/fcliege.be\/fr\/wp-json\/wp\/v2\/posts\/12228"}],"collection":[{"href":"https:\/\/fcliege.be\/fr\/wp-json\/wp\/v2\/posts"}],"about":[{"href":"https:\/\/fcliege.be\/fr\/wp-json\/wp\/v2\/types\/post"}],"author":[{"embeddable":true,"href":"https:\/\/fcliege.be\/fr\/wp-json\/wp\/v2\/users\/9"}],"replies":[{"embeddable":true,"href":"https:\/\/fcliege.be\/fr\/wp-json\/wp\/v2\/comments?post=12228"}],"version-history":[{"count":3,"href":"https:\/\/fcliege.be\/fr\/wp-json\/wp\/v2\/posts\/12228\/revisions"}],"predecessor-version":[{"id":12232,"href":"https:\/\/fcliege.be\/fr\/wp-json\/wp\/v2\/posts\/12228\/revisions\/12232"}],"wp:attachment":[{"href":"https:\/\/fcliege.be\/fr\/wp-json\/wp\/v2\/media?parent=12228"}],"wp:term":[{"taxonomy":"category","embeddable":true,"href":"https:\/\/fcliege.be\/fr\/wp-json\/wp\/v2\/categories?post=12228"},{"taxonomy":"post_tag","embeddable":true,"href":"https:\/\/fcliege.be\/fr\/wp-json\/wp\/v2\/tags?post=12228"}],"curies":[{"name":"wp","href":"https:\/\/api.w.org\/{rel}","templated":true}]}}