{"id":12233,"date":"2019-01-30T13:57:12","date_gmt":"2019-01-30T12:57:12","guid":{"rendered":"http:\/\/fcliege.be\/fr\/?p=12233"},"modified":"2019-01-30T13:57:12","modified_gmt":"2019-01-30T12:57:12","slug":"manuel-vandormael-entraineur-des-u9-b","status":"publish","type":"post","link":"https:\/\/fcliege.be\/fr\/manuel-vandormael-entraineur-des-u9-b\/","title":{"rendered":"Manuel Vandormael, entraineur des U9 B"},"content":{"rendered":"<p><strong><img decoding=\"async\" loading=\"lazy\" class=\"alignleft wp-image-12234 size-medium\" src=\"https:\/\/fcliege.be\/fr\/wp-content\/uploads\/2019\/01\/IMG_6278-e1548852810526-225x300.jpg\" alt=\"\" width=\"225\" height=\"300\" srcset=\"https:\/\/fcliege.be\/fr\/wp-content\/uploads\/2019\/01\/IMG_6278-e1548852810526-225x300.jpg 225w, https:\/\/fcliege.be\/fr\/wp-content\/uploads\/2019\/01\/IMG_6278-e1548852810526-768x1024.jpg 768w\" sizes=\"(max-width: 225px) 100vw, 225px\" \/>\u00a0Pr\u00e9sentez-vous en quelques mots ?<\/strong><\/p>\n<p>J\u2019ai 20 ans, je suis \u00e9tudiant et j\u2019ai un Brevet C. Je suis toujours des cours d\u2019entraineur pour approfondir mes connaissances.<\/p>\n<p><strong>\u00a0Quel est votre parcours de joueur ?<\/strong><\/p>\n<p>J\u2019ai tout d\u2019abord commenc\u00e9 \u00e0 Milanello, puis j\u2019ai poursuivi mon apprentissage \u00e0 Grivegn\u00e9. \u00c7a fait maintenant 10 ans que je suis au RFCL , je suis aujourd\u2019hui en \u00e9quipe r\u00e9serve et je suis le capitaine de cette belle \u00e9quipe .<span class=\"Apple-converted-space\">\u00a0<\/span><\/p>\n<p><strong>\u00a0Racontez-nous votre parcours de jeune entraineur ?<\/strong><\/p>\n<p>Ma premi\u00e8re exp\u00e9rience \u00e9tait \u00e0 Ans o\u00f9 j\u2019ai entrain\u00e9 pendant un an. Puis j\u2019ai pris en charge les U8 ici au RFCL, une seule saison. Maintenant \u00e7a fait 3 ans que je suis coach des moins de 9 ans.<\/p>\n<p><strong>\u00a0Combien de joueurs avez-vous dans votre \u00e9quipe ?<\/strong><\/p>\n<p>J\u2019ai un effectif de 7 joueurs<\/p>\n<p><strong>\u00a0Pourquoi une \u00e9quipe qui joue \u00e0<span class=\"Apple-converted-space\">\u00a0 <\/span>5 contre 5?<\/strong><\/p>\n<p><span class=\"Apple-converted-space\">\u00a0<\/span>J\u2019ai choisi le 5 VS 5 car on est encore au d\u00e9but de la formation. J\u2019aimerais \u00eatre \u00e0 la base de leur apprentissage. Le contact avec les enfants me plait \u00e9galement.<\/p>\n<p><strong>Combien de fois par semaine donnez-vous entrainement ?<\/strong><\/p>\n<p><span class=\"Apple-converted-space\">\u00a0<\/span>Nous nous entrainons trois fois par semaine. Ce qui n\u2019est pas mal pour des jeunes de leur \u00e2ge. \u00c7a nous permet de travailler sur diff\u00e9rents th\u00e8mes.<\/p>\n<p><strong><span class=\"Apple-converted-space\">\u00a0<\/span>Quelle est votre philosophie ? Que voulez-vous inculquer aux enfants ?<span class=\"Apple-converted-space\">\u00a0<\/span><\/strong><\/p>\n<p>Le s\u00e9rieux dans le travail. Il faut qu\u2019il soit bien fait pour progresser. Pendant les temps de repos, les joueurs peuvent discuter et rigoler pour se d\u00e9tendre un peu. Ils doivent apprendre tout en s\u2019amusant. Mais d\u00e8s que les exercices commencent, c\u2019est le s\u00e9rieux qui prime. J\u2019essaie que mes joueurs jouent un beau foot, c\u2019est-\u00e0-dire de repartir vers l\u2019arri\u00e8re avec un beau jeu de passe.<\/p>\n<p><strong>\u00a0Quels sont vos objectifs avec vos joueurs ?<\/strong><\/p>\n<p>Ils sont tous diff\u00e9rents, ils ont chacun leurs forces et leurs faiblesses. Mon objectif est de les faire progresser de travailler leurs points faibles et sans oublier de renforcer leurs points forts. \u00c0 la fin de la saison, je veux les sentir pr\u00eat \u00e0 passer un cap.<\/p>\n","protected":false},"excerpt":{"rendered":"<p>\u00a0Pr\u00e9sentez-vous en quelques mots ? J\u2019ai 20 ans, je suis \u00e9tudiant et j\u2019ai un Brevet C. Je suis toujours des cours d\u2019entraineur pour approfondir mes connaissances. \u00a0Quel est votre parcours de joueur ? J\u2019ai tout d\u2019abord commenc\u00e9 \u00e0 Milanello, puis j\u2019ai poursuivi mon apprentissage \u00e0 Grivegn\u00e9. \u00c7a fait maintenant 10 ans que je suis au [&hellip;]<\/p>\n","protected":false},"author":9,"featured_media":0,"comment_status":"closed","ping_status":"closed","sticky":false,"template":"","format":"standard","meta":{"iawp_total_views":10},"categories":[1],"tags":[],"_links":{"self":[{"href":"https:\/\/fcliege.be\/fr\/wp-json\/wp\/v2\/posts\/12233"}],"collection":[{"href":"https:\/\/fcliege.be\/fr\/wp-json\/wp\/v2\/posts"}],"about":[{"href":"https:\/\/fcliege.be\/fr\/wp-json\/wp\/v2\/types\/post"}],"author":[{"embeddable":true,"href":"https:\/\/fcliege.be\/fr\/wp-json\/wp\/v2\/users\/9"}],"replies":[{"embeddable":true,"href":"https:\/\/fcliege.be\/fr\/wp-json\/wp\/v2\/comments?post=12233"}],"version-history":[{"count":2,"href":"https:\/\/fcliege.be\/fr\/wp-json\/wp\/v2\/posts\/12233\/revisions"}],"predecessor-version":[{"id":12236,"href":"https:\/\/fcliege.be\/fr\/wp-json\/wp\/v2\/posts\/12233\/revisions\/12236"}],"wp:attachment":[{"href":"https:\/\/fcliege.be\/fr\/wp-json\/wp\/v2\/media?parent=12233"}],"wp:term":[{"taxonomy":"category","embeddable":true,"href":"https:\/\/fcliege.be\/fr\/wp-json\/wp\/v2\/categories?post=12233"},{"taxonomy":"post_tag","embeddable":true,"href":"https:\/\/fcliege.be\/fr\/wp-json\/wp\/v2\/tags?post=12233"}],"curies":[{"name":"wp","href":"https:\/\/api.w.org\/{rel}","templated":true}]}}