{"id":12237,"date":"2019-01-30T14:01:02","date_gmt":"2019-01-30T13:01:02","guid":{"rendered":"http:\/\/fcliege.be\/fr\/?p=12237"},"modified":"2019-01-30T14:01:02","modified_gmt":"2019-01-30T13:01:02","slug":"martin-belloli-entraineur-des-u9-a","status":"publish","type":"post","link":"https:\/\/fcliege.be\/fr\/martin-belloli-entraineur-des-u9-a\/","title":{"rendered":"Martin Belloli, entraineur des U9 A"},"content":{"rendered":"<p><b><img decoding=\"async\" loading=\"lazy\" class=\"alignleft wp-image-12238 size-medium\" src=\"https:\/\/fcliege.be\/fr\/wp-content\/uploads\/2019\/01\/fullsizeoutput_159-169x300.jpeg\" alt=\"\" width=\"169\" height=\"300\" srcset=\"https:\/\/fcliege.be\/fr\/wp-content\/uploads\/2019\/01\/fullsizeoutput_159-169x300.jpeg 169w, https:\/\/fcliege.be\/fr\/wp-content\/uploads\/2019\/01\/fullsizeoutput_159-768x1365.jpeg 768w, https:\/\/fcliege.be\/fr\/wp-content\/uploads\/2019\/01\/fullsizeoutput_159-576x1024.jpeg 576w, https:\/\/fcliege.be\/fr\/wp-content\/uploads\/2019\/01\/fullsizeoutput_159.jpeg 1152w\" sizes=\"(max-width: 169px) 100vw, 169px\" \/><\/b><strong>Pr\u00e9sentez-vous en quelques mots ?<\/strong><\/p>\n<p>J\u2019ai 21 ans, je fais des \u00e9tudes de coaching sportif pour devenir pr\u00e9parateur physique. J\u2019ai le Brevet C et je compte passer mon brevet B cette ann\u00e9e.<\/p>\n<p><strong>Avez-vous un parcours de joueur ?<\/strong><\/p>\n<p>J\u2019ai jou\u00e9 \u00e0 Eupen et j\u2019ai termin\u00e9 \u00e0 Sprimont.<span class=\"Apple-converted-space\">\u00a0<\/span><\/p>\n<p><strong>Quel est votre parcours d\u2019entraineur ?<\/strong><\/p>\n<p>C\u2019est la sixi\u00e8me ann\u00e9e que je suis entraineur. J\u2019ai d\u2019abord entrain\u00e9 \u00e0 Sprimont pendant 5 saison. \u00c7a n\u2019allait plus avec la direction au Tultay, j\u2019ai donc quitt\u00e9 le club. C\u2019est ma premi\u00e8re saison au RFCL.<\/p>\n<p><strong>Combien de joueurs avez-vous dans votre \u00e9quipe ?<\/strong><\/p>\n<p>J\u2019ai une \u00e9quipe de 9 joueurs.<\/p>\n<p><strong>Quelle est votre philosophie avec vos joueurs ?<\/strong><\/p>\n<p>Ma philosophie est de les former individuellement, plut\u00f4t que collectivement. Je fais beaucoup d\u2019exercices techniques, beaucoup d\u2019exercices de passes. Je ne les forme pas collectivement car ils jouent \u00e0 5 contre 5. Les aspects tactiques et physiques ne sont pas les plus importants pour le moment.<span class=\"Apple-converted-space\">\u00a0<\/span><\/p>\n<p><strong>Quel est votre objectif avec vos joueurs ?<\/strong><span class=\"Apple-converted-space\">\u00a0<\/span><\/p>\n<p>Je leur fixe des objectifs en d\u00e9but de saison. Je les r\u00e9\u00e9value en janvier, \u00e0 la mi-saison et en mai \u00e0 la fin de saison. Mon objectif est que ces \u00e9valuations soient positives et qu\u2019ils se soient am\u00e9lior\u00e9s pour franchir un pallier la saison prochaine.<\/p>\n","protected":false},"excerpt":{"rendered":"<p>Pr\u00e9sentez-vous en quelques mots ? J\u2019ai 21 ans, je fais des \u00e9tudes de coaching sportif pour devenir pr\u00e9parateur physique. J\u2019ai le Brevet C et je compte passer mon brevet B cette ann\u00e9e. Avez-vous un parcours de joueur ? J\u2019ai jou\u00e9 \u00e0 Eupen et j\u2019ai termin\u00e9 \u00e0 Sprimont.\u00a0 Quel est votre parcours d\u2019entraineur ? C\u2019est la [&hellip;]<\/p>\n","protected":false},"author":9,"featured_media":0,"comment_status":"closed","ping_status":"closed","sticky":false,"template":"","format":"standard","meta":{"iawp_total_views":11},"categories":[1],"tags":[],"_links":{"self":[{"href":"https:\/\/fcliege.be\/fr\/wp-json\/wp\/v2\/posts\/12237"}],"collection":[{"href":"https:\/\/fcliege.be\/fr\/wp-json\/wp\/v2\/posts"}],"about":[{"href":"https:\/\/fcliege.be\/fr\/wp-json\/wp\/v2\/types\/post"}],"author":[{"embeddable":true,"href":"https:\/\/fcliege.be\/fr\/wp-json\/wp\/v2\/users\/9"}],"replies":[{"embeddable":true,"href":"https:\/\/fcliege.be\/fr\/wp-json\/wp\/v2\/comments?post=12237"}],"version-history":[{"count":1,"href":"https:\/\/fcliege.be\/fr\/wp-json\/wp\/v2\/posts\/12237\/revisions"}],"predecessor-version":[{"id":12239,"href":"https:\/\/fcliege.be\/fr\/wp-json\/wp\/v2\/posts\/12237\/revisions\/12239"}],"wp:attachment":[{"href":"https:\/\/fcliege.be\/fr\/wp-json\/wp\/v2\/media?parent=12237"}],"wp:term":[{"taxonomy":"category","embeddable":true,"href":"https:\/\/fcliege.be\/fr\/wp-json\/wp\/v2\/categories?post=12237"},{"taxonomy":"post_tag","embeddable":true,"href":"https:\/\/fcliege.be\/fr\/wp-json\/wp\/v2\/tags?post=12237"}],"curies":[{"name":"wp","href":"https:\/\/api.w.org\/{rel}","templated":true}]}}