{"id":12283,"date":"2019-02-07T12:51:58","date_gmt":"2019-02-07T11:51:58","guid":{"rendered":"http:\/\/fcliege.be\/fr\/?p=12283"},"modified":"2019-02-07T12:51:58","modified_gmt":"2019-02-07T11:51:58","slug":"rugby-coupe-de-belgique-rfcl-black-star-10-02-2019-naimette","status":"publish","type":"post","link":"https:\/\/fcliege.be\/fr\/rugby-coupe-de-belgique-rfcl-black-star-10-02-2019-naimette\/","title":{"rendered":"RUGBY | COUPE DE BELGIQUE | RFCL &#8211; BLACK STAR | 10.02.2019 | NAIMETTE"},"content":{"rendered":"<h4>Ce dimanche 10 f\u00e9vrier \u00e0 15h00, le RFCL Rugby recevra le Black Star Charleroi en 8e de finale de la Coupe de Belgique.<\/h4>\n<p>Une rencontre importante pour notre club fr\u00e8re puisque le Black Star est la seule \u00e9quipe \u00e0 leur avoir inflig\u00e9 une d\u00e9faite en championnat. Gageons que l&rsquo;avantage du terrain leur permettra de prendre l&rsquo;ascendant sur leurs opposants du jour et de tracer leur chemin vers les 1\/4 de finale.<\/p>\n<p>Chers supporters, notre club fr\u00e8re Sang et Marine sera ravi de compter sur votre pr\u00e9sence et sur votre ferveur pour pousser ses hommes vers la victoire.<br \/>\nC&rsquo;est donc au complexe de Naimette que nous vous donnons rendez-vous ce dimanche !<\/p>\n<p>Le stade vous sera accessible d\u00e8s 14h00 et l&rsquo;entr\u00e9e est gratuite pour tous.<\/p>\n<p>&nbsp;<\/p>\n","protected":false},"excerpt":{"rendered":"<p>Ce dimanche 10 f\u00e9vrier \u00e0 15h00, le RFCL Rugby recevra le Black Star Charleroi en 8e de finale de la Coupe de Belgique. Une rencontre importante pour notre club fr\u00e8re puisque le Black Star est la seule \u00e9quipe \u00e0 leur avoir inflig\u00e9 une d\u00e9faite en championnat. Gageons que l&rsquo;avantage du terrain leur permettra de prendre [&hellip;]<\/p>\n","protected":false},"author":9,"featured_media":717,"comment_status":"closed","ping_status":"closed","sticky":false,"template":"","format":"standard","meta":{"iawp_total_views":0},"categories":[48,1],"tags":[],"_links":{"self":[{"href":"https:\/\/fcliege.be\/fr\/wp-json\/wp\/v2\/posts\/12283"}],"collection":[{"href":"https:\/\/fcliege.be\/fr\/wp-json\/wp\/v2\/posts"}],"about":[{"href":"https:\/\/fcliege.be\/fr\/wp-json\/wp\/v2\/types\/post"}],"author":[{"embeddable":true,"href":"https:\/\/fcliege.be\/fr\/wp-json\/wp\/v2\/users\/9"}],"replies":[{"embeddable":true,"href":"https:\/\/fcliege.be\/fr\/wp-json\/wp\/v2\/comments?post=12283"}],"version-history":[{"count":3,"href":"https:\/\/fcliege.be\/fr\/wp-json\/wp\/v2\/posts\/12283\/revisions"}],"predecessor-version":[{"id":12286,"href":"https:\/\/fcliege.be\/fr\/wp-json\/wp\/v2\/posts\/12283\/revisions\/12286"}],"wp:featuredmedia":[{"embeddable":true,"href":"https:\/\/fcliege.be\/fr\/wp-json\/wp\/v2\/media\/717"}],"wp:attachment":[{"href":"https:\/\/fcliege.be\/fr\/wp-json\/wp\/v2\/media?parent=12283"}],"wp:term":[{"taxonomy":"category","embeddable":true,"href":"https:\/\/fcliege.be\/fr\/wp-json\/wp\/v2\/categories?post=12283"},{"taxonomy":"post_tag","embeddable":true,"href":"https:\/\/fcliege.be\/fr\/wp-json\/wp\/v2\/tags?post=12283"}],"curies":[{"name":"wp","href":"https:\/\/api.w.org\/{rel}","templated":true}]}}