{"id":12287,"date":"2019-02-07T15:19:18","date_gmt":"2019-02-07T14:19:18","guid":{"rendered":"http:\/\/fcliege.be\/fr\/?p=12287"},"modified":"2019-02-07T15:19:18","modified_gmt":"2019-02-07T14:19:18","slug":"rfcl-athletisme-grande-fete-des-athletes","status":"publish","type":"post","link":"https:\/\/fcliege.be\/fr\/rfcl-athletisme-grande-fete-des-athletes\/","title":{"rendered":"RFCL Athl\u00e9tisme | Grande f\u00eate des athl\u00e8tes"},"content":{"rendered":"<h4>Dans le cadre de la collaboration entre les clubs de la Famille Sang et Marine, le RFC Li\u00e8ge accueillera le samedi 16 f\u00e9vrier prochain la Grande f\u00eate des athl\u00e8tes du RFCL Athl\u00e9tisme.<\/h4>\n<p>Cette soir\u00e9e festive, accessible\u00a0\u00e0 tous les membres, sympathisants, anciens athl\u00e8tes, b\u00e9n\u00e9voles, parents,.. du RFCL athl\u00e9tisme, regroupera, en une seule et m\u00eame date, 3 \u00e9v\u00e8nements du club, \u00e0 savoir :<\/p>\n<ul>\n<li>l\u2019Assembl\u00e9e g\u00e9n\u00e9rale,<\/li>\n<li><span class=\"text_exposed_show\">la remise des prix aux laur\u00e9ats de la saison 2017-2018,<\/span><\/li>\n<li><span class=\"text_exposed_show\">le repas et soir\u00e9e du club.<\/span><\/li>\n<\/ul>\n<p>Nous leur souhaitons d&rsquo;ores et d\u00e9j\u00e0 pleine r\u00e9ussite dans l&rsquo;organisation de cette soir\u00e9e et bon amusement au sein de nos infrastructures.<\/p>\n","protected":false},"excerpt":{"rendered":"<p>Dans le cadre de la collaboration entre les clubs de la Famille Sang et Marine, le RFC Li\u00e8ge accueillera le samedi 16 f\u00e9vrier prochain la Grande f\u00eate des athl\u00e8tes du RFCL Athl\u00e9tisme. Cette soir\u00e9e festive, accessible\u00a0\u00e0 tous les membres, sympathisants, anciens athl\u00e8tes, b\u00e9n\u00e9voles, parents,.. du RFCL athl\u00e9tisme, regroupera, en une seule et m\u00eame date, 3 [&hellip;]<\/p>\n","protected":false},"author":9,"featured_media":802,"comment_status":"closed","ping_status":"closed","sticky":false,"template":"","format":"standard","meta":{"iawp_total_views":23},"categories":[1],"tags":[],"_links":{"self":[{"href":"https:\/\/fcliege.be\/fr\/wp-json\/wp\/v2\/posts\/12287"}],"collection":[{"href":"https:\/\/fcliege.be\/fr\/wp-json\/wp\/v2\/posts"}],"about":[{"href":"https:\/\/fcliege.be\/fr\/wp-json\/wp\/v2\/types\/post"}],"author":[{"embeddable":true,"href":"https:\/\/fcliege.be\/fr\/wp-json\/wp\/v2\/users\/9"}],"replies":[{"embeddable":true,"href":"https:\/\/fcliege.be\/fr\/wp-json\/wp\/v2\/comments?post=12287"}],"version-history":[{"count":1,"href":"https:\/\/fcliege.be\/fr\/wp-json\/wp\/v2\/posts\/12287\/revisions"}],"predecessor-version":[{"id":12288,"href":"https:\/\/fcliege.be\/fr\/wp-json\/wp\/v2\/posts\/12287\/revisions\/12288"}],"wp:featuredmedia":[{"embeddable":true,"href":"https:\/\/fcliege.be\/fr\/wp-json\/wp\/v2\/media\/802"}],"wp:attachment":[{"href":"https:\/\/fcliege.be\/fr\/wp-json\/wp\/v2\/media?parent=12287"}],"wp:term":[{"taxonomy":"category","embeddable":true,"href":"https:\/\/fcliege.be\/fr\/wp-json\/wp\/v2\/categories?post=12287"},{"taxonomy":"post_tag","embeddable":true,"href":"https:\/\/fcliege.be\/fr\/wp-json\/wp\/v2\/tags?post=12287"}],"curies":[{"name":"wp","href":"https:\/\/api.w.org\/{rel}","templated":true}]}}