{"id":12289,"date":"2019-02-10T18:32:28","date_gmt":"2019-02-10T17:32:28","guid":{"rendered":"http:\/\/fcliege.be\/fr\/?p=12289"},"modified":"2019-02-12T09:19:19","modified_gmt":"2019-02-12T08:19:19","slug":"rfcl-deinze-l-3-0-l-resume","status":"publish","type":"post","link":"https:\/\/fcliege.be\/fr\/rfcl-deinze-l-3-0-l-resume\/","title":{"rendered":"RFCL &#8211; Deinze l 3-0 l R\u00e9sum\u00e9"},"content":{"rendered":"<p>En Coupe de Belgique, d\u00e9faite 5 &#8211; 0; Championnat (aller), d\u00e9faite 1 &#8211; 0; aujourd&rsquo;hui, Championnat (retour), victoire 3 &#8211; 0 : contre KM SK DEINZE, les jeunes Rouge et Bleu (sans Randy (exc\u00e8s de cartes jaunes) et Eric) progressent et ont gagn\u00e9 en maturit\u00e9 !<\/p>\n<p>Face \u00e0 une \u00e9quipe qui comptait sept anciens joueurs de D1 Pro (pour un total de 220 matches), les n\u00f4tres n&rsquo;ont rien l\u00e2ch\u00e9. A l&rsquo;image de Yadi, volontaire sur toutes les balles<\/p>\n<p>Une premi\u00e8re mi-temps, comme beaucoup de matches du premier tour : des occasions franches sans conclusion (mais aussi un tir adverse sur la latte qui sauvait Kakou !).<\/p>\n<p>Une seconde mi-temps que nous voulons conna\u00eetre \u00e0 l&rsquo;avenir : volont\u00e9, t\u00e9nacit\u00e9 et r\u00e9ussite.<\/p>\n<p>Quels ont \u00e9t\u00e9 les mots de Dante \u00e0 la pause ? Peu importe : examen de maturit\u00e9 r\u00e9ussi !<\/p>\n<p>Avec Yadi, enfin r\u00e9compens\u00e9 de son obstination constante (2 buts) et l&rsquo;assist pr\u00e9cis de Damien, le seul de Rocourt \u00e0 avoir connu la D1 Pro (3 matches).<\/p>\n<p>Dommage : la s\u00e9v\u00e8re carte rouge de Benji sanctionn\u00e9 pour avoir r\u00e9agi \u00e0 l&rsquo;agression sur Romain.<\/p>\n<p>Dommage surtout : apr\u00e8s sa longue p\u00e9riode d&rsquo;indisponibilit\u00e9, la blessure du malchanceux Simon (luxation d&rsquo;\u00e9paule ?) emmen\u00e9 \u00e0 l&rsquo;h\u00f4pital : de nombreuses semaines de convalescence sans doute.<\/p>\n<p>La compo : Romain Matthys, Simon Ligot (Emmanuel Massa 90&prime;), Arnaud Winandts, Sergio Teruel Diaz, Benjamin Van den Ackerveken, Paul Armand Niankou, Yoshi Mari\u00ebn (Maxime Electeur 86&prime;), Curtis Kabeya, Damien Mouchamps, Yadi Bangoura (Benoit Bruggeman 72&prime;), Jonathan D&rsquo;Ostilio.<\/p>\n<p>Buteurs : Yadi Bangoura (2), Yoshi Mari\u00ebn.<\/p>\n<p id=\"signature\"><div class=\"embed\"><div class=\"video\"><iframe width=\"560\" height=\"315\" src=\"http:\/\/www.youtube.com\/embed\/Y_Mf-s_Fyu0\" frameborder=\"0\" allowfullscreen><\/iframe><\/div><\/div><\/p>\n","protected":false},"excerpt":{"rendered":"<p>En Coupe de Belgique, d\u00e9faite 5 &#8211; 0; Championnat (aller), d\u00e9faite 1 &#8211; 0; aujourd&rsquo;hui, Championnat (retour), victoire 3 &#8211; 0 : contre KM SK DEINZE, les jeunes Rouge et Bleu (sans Randy (exc\u00e8s de cartes jaunes) et Eric) progressent et ont gagn\u00e9 en maturit\u00e9 ! Face \u00e0 une \u00e9quipe qui comptait sept anciens joueurs [&hellip;]<\/p>\n","protected":false},"author":9,"featured_media":0,"comment_status":"closed","ping_status":"closed","sticky":false,"template":"","format":"standard","meta":{"iawp_total_views":0},"categories":[1,27],"tags":[],"_links":{"self":[{"href":"https:\/\/fcliege.be\/fr\/wp-json\/wp\/v2\/posts\/12289"}],"collection":[{"href":"https:\/\/fcliege.be\/fr\/wp-json\/wp\/v2\/posts"}],"about":[{"href":"https:\/\/fcliege.be\/fr\/wp-json\/wp\/v2\/types\/post"}],"author":[{"embeddable":true,"href":"https:\/\/fcliege.be\/fr\/wp-json\/wp\/v2\/users\/9"}],"replies":[{"embeddable":true,"href":"https:\/\/fcliege.be\/fr\/wp-json\/wp\/v2\/comments?post=12289"}],"version-history":[{"count":5,"href":"https:\/\/fcliege.be\/fr\/wp-json\/wp\/v2\/posts\/12289\/revisions"}],"predecessor-version":[{"id":12296,"href":"https:\/\/fcliege.be\/fr\/wp-json\/wp\/v2\/posts\/12289\/revisions\/12296"}],"wp:attachment":[{"href":"https:\/\/fcliege.be\/fr\/wp-json\/wp\/v2\/media?parent=12289"}],"wp:term":[{"taxonomy":"category","embeddable":true,"href":"https:\/\/fcliege.be\/fr\/wp-json\/wp\/v2\/categories?post=12289"},{"taxonomy":"post_tag","embeddable":true,"href":"https:\/\/fcliege.be\/fr\/wp-json\/wp\/v2\/tags?post=12289"}],"curies":[{"name":"wp","href":"https:\/\/api.w.org\/{rel}","templated":true}]}}