{"id":12889,"date":"2019-05-19T23:41:35","date_gmt":"2019-05-19T22:41:35","guid":{"rendered":"http:\/\/fcliege.be\/fr\/?p=12889"},"modified":"2019-05-19T23:41:53","modified_gmt":"2019-05-19T22:41:53","slug":"jeunes-permanences-transferts","status":"publish","type":"post","link":"https:\/\/fcliege.be\/fr\/jeunes-permanences-transferts\/","title":{"rendered":"Jeunes | Permanences transferts"},"content":{"rendered":"<p>&nbsp;<\/p>\n<p>Les permanences pour les transferts de l&rsquo;\u00e9cole de jeunes auront lieu les 20, 21, 22, 23, 24, 27, 28 et 29 mai de 17h30 \u00e0 20h00 au secr\u00e9tariat du stade de Rocourt.<\/p>\n","protected":false},"excerpt":{"rendered":"<p>&nbsp; Les permanences pour les transferts de l&rsquo;\u00e9cole de jeunes auront lieu les 20, 21, 22, 23, 24, 27, 28 et 29 mai de 17h30 \u00e0 20h00 au secr\u00e9tariat du stade de Rocourt.<\/p>\n","protected":false},"author":12,"featured_media":12746,"comment_status":"closed","ping_status":"closed","sticky":false,"template":"","format":"standard","meta":{"iawp_total_views":6},"categories":[23],"tags":[],"_links":{"self":[{"href":"https:\/\/fcliege.be\/fr\/wp-json\/wp\/v2\/posts\/12889"}],"collection":[{"href":"https:\/\/fcliege.be\/fr\/wp-json\/wp\/v2\/posts"}],"about":[{"href":"https:\/\/fcliege.be\/fr\/wp-json\/wp\/v2\/types\/post"}],"author":[{"embeddable":true,"href":"https:\/\/fcliege.be\/fr\/wp-json\/wp\/v2\/users\/12"}],"replies":[{"embeddable":true,"href":"https:\/\/fcliege.be\/fr\/wp-json\/wp\/v2\/comments?post=12889"}],"version-history":[{"count":2,"href":"https:\/\/fcliege.be\/fr\/wp-json\/wp\/v2\/posts\/12889\/revisions"}],"predecessor-version":[{"id":12891,"href":"https:\/\/fcliege.be\/fr\/wp-json\/wp\/v2\/posts\/12889\/revisions\/12891"}],"wp:featuredmedia":[{"embeddable":true,"href":"https:\/\/fcliege.be\/fr\/wp-json\/wp\/v2\/media\/12746"}],"wp:attachment":[{"href":"https:\/\/fcliege.be\/fr\/wp-json\/wp\/v2\/media?parent=12889"}],"wp:term":[{"taxonomy":"category","embeddable":true,"href":"https:\/\/fcliege.be\/fr\/wp-json\/wp\/v2\/categories?post=12889"},{"taxonomy":"post_tag","embeddable":true,"href":"https:\/\/fcliege.be\/fr\/wp-json\/wp\/v2\/tags?post=12889"}],"curies":[{"name":"wp","href":"https:\/\/api.w.org\/{rel}","templated":true}]}}