{"id":12914,"date":"2019-06-04T14:51:40","date_gmt":"2019-06-04T13:51:40","guid":{"rendered":"http:\/\/fcliege.be\/fr\/?p=12914"},"modified":"2019-06-04T14:51:40","modified_gmt":"2019-06-04T13:51:40","slug":"2019-2020-les-jeunes-a-lhonneur","status":"publish","type":"post","link":"https:\/\/fcliege.be\/fr\/2019-2020-les-jeunes-a-lhonneur\/","title":{"rendered":"2019-2020 | Les jeunes \u00e0 l&rsquo;honneur !"},"content":{"rendered":"<p>&nbsp;<\/p>\n<p>Durant toute son histoire, le RFC Li\u00e8ge a toujours accord\u00e9 une tr\u00e8s grande importance aux <strong>jeunes<\/strong>.<\/p>\n<p>A l&rsquo;aube de cette nouvelle saison, le club entend rester fid\u00e8le \u00e0 ses racines et \u00e0 ses valeurs en continuant \u00e0 d\u00e9velopper son projet sportif dans cette voie.<\/p>\n<p>Alors que la campagne d&rsquo;affiliation est toujours en cours, il est d&rsquo;ores et d\u00e9j\u00e0 possible d&rsquo;affirmer que pr\u00e8s de 600 jeunes porteront les couleurs Sang et Marine la saison prochaine.<\/p>\n<p>C&rsquo;est une r\u00e9elle fiert\u00e9 pour le club de disposer d&rsquo;une telle r\u00e9serve de talents, et de contribuer \u00e0 la formation et \u00e0 l&rsquo;\u00e9ducation d&rsquo;autant de jeunes. Et cette fiert\u00e9 est d\u00e9cupl\u00e9e puisque 4 jeunes de cette \u00e9cole, pilier de l&rsquo;\u00e9quipe \u00ab\u00a0r\u00e9serve\u00a0\u00bb championne 2019, int\u00e9greront pleinement le noyau A. Il s&rsquo;agit de:<\/p>\n<p>&gt;&gt; Jordan <strong>Bustin<\/strong>, d\u00e9fenseur central ou arri\u00e8re gauche (98)<br \/>\n&gt;&gt; Maxime <strong>Raskin<\/strong>, milieu d\u00e9fensif (99)<br \/>\n&gt;&gt; Didier <strong>Amou-Djaba<\/strong>, attaquant (98)<br \/>\n&gt;&gt; Quentin <strong>Ronvaux<\/strong>, ailier gauche (99)<\/p>\n<p>Sous la houlette de Marc <strong>Grosjean<\/strong> et de son staff, ces 4 jeunes prometteurs pourront parfaire leur formation et poursuivre leur progression dans un environnement comp\u00e9titif.<\/p>\n<p>Donner la chance aux jeunes est dans l&rsquo;ADN du RFCL. C&rsquo;est avec eux qu&rsquo;il construit son avenir !<\/p>\n","protected":false},"excerpt":{"rendered":"<p>&nbsp; Durant toute son histoire, le RFC Li\u00e8ge a toujours accord\u00e9 une tr\u00e8s grande importance aux jeunes. A l&rsquo;aube de cette nouvelle saison, le club entend rester fid\u00e8le \u00e0 ses racines et \u00e0 ses valeurs en continuant \u00e0 d\u00e9velopper son projet sportif dans cette voie. Alors que la campagne d&rsquo;affiliation est toujours en cours, il [&hellip;]<\/p>\n","protected":false},"author":12,"featured_media":12916,"comment_status":"closed","ping_status":"closed","sticky":false,"template":"","format":"standard","meta":{"iawp_total_views":0},"categories":[24,26],"tags":[],"_links":{"self":[{"href":"https:\/\/fcliege.be\/fr\/wp-json\/wp\/v2\/posts\/12914"}],"collection":[{"href":"https:\/\/fcliege.be\/fr\/wp-json\/wp\/v2\/posts"}],"about":[{"href":"https:\/\/fcliege.be\/fr\/wp-json\/wp\/v2\/types\/post"}],"author":[{"embeddable":true,"href":"https:\/\/fcliege.be\/fr\/wp-json\/wp\/v2\/users\/12"}],"replies":[{"embeddable":true,"href":"https:\/\/fcliege.be\/fr\/wp-json\/wp\/v2\/comments?post=12914"}],"version-history":[{"count":8,"href":"https:\/\/fcliege.be\/fr\/wp-json\/wp\/v2\/posts\/12914\/revisions"}],"predecessor-version":[{"id":12923,"href":"https:\/\/fcliege.be\/fr\/wp-json\/wp\/v2\/posts\/12914\/revisions\/12923"}],"wp:featuredmedia":[{"embeddable":true,"href":"https:\/\/fcliege.be\/fr\/wp-json\/wp\/v2\/media\/12916"}],"wp:attachment":[{"href":"https:\/\/fcliege.be\/fr\/wp-json\/wp\/v2\/media?parent=12914"}],"wp:term":[{"taxonomy":"category","embeddable":true,"href":"https:\/\/fcliege.be\/fr\/wp-json\/wp\/v2\/categories?post=12914"},{"taxonomy":"post_tag","embeddable":true,"href":"https:\/\/fcliege.be\/fr\/wp-json\/wp\/v2\/tags?post=12914"}],"curies":[{"name":"wp","href":"https:\/\/api.w.org\/{rel}","templated":true}]}}