{"id":14244,"date":"2020-01-16T13:11:35","date_gmt":"2020-01-16T12:11:35","guid":{"rendered":"http:\/\/fcliege.be\/fr\/?p=14244"},"modified":"2020-01-16T13:22:51","modified_gmt":"2020-01-16T12:22:51","slug":"anciens-jose-dautrebande-un-sang-et-marine-nous-a-quitte","status":"publish","type":"post","link":"https:\/\/fcliege.be\/fr\/anciens-jose-dautrebande-un-sang-et-marine-nous-a-quitte\/","title":{"rendered":"Anciens | Jos\u00e9 Dautrebande : un Sang et Marine nous a quitt\u00e9"},"content":{"rendered":"<p>&nbsp;<\/p>\n<p>Le RFC Li\u00e9geois a appris ce jeudi avec \u00e9motion et tristesse le d\u00e9c\u00e8s de Jos\u00e9 <strong>Dautrebande<\/strong>.<\/p>\n<p>Personnage bien connu \u00e0 Li\u00e8ge, Jos\u00e9 Dautrebande a fait partie du comit\u00e9 directeur du RFCL au temps du duo <strong>Hollange<\/strong>&#8211;<strong>Paque<\/strong> entre 1984 et 1987. Jos\u00e9 avait la charge de la communication et des relations publiques du club durant cette p\u00e9riode qui a vu le Matricule 4 renouer avec la Coupe d\u2019Europe.<\/p>\n<p>M\u00eame apr\u00e8s son d\u00e9part du comit\u00e9 directeur, Jos\u00e9 a continu\u00e9 \u00e0 suivre la vie du club.<\/p>\n<p>A ses proches, le RFC Li\u00e9geois adresse ses plus \u00e9mues et sinc\u00e8res condol\u00e9ances.<\/p>\n","protected":false},"excerpt":{"rendered":"<p>&nbsp; Le RFC Li\u00e9geois a appris ce jeudi avec \u00e9motion et tristesse le d\u00e9c\u00e8s de Jos\u00e9 Dautrebande. Personnage bien connu \u00e0 Li\u00e8ge, Jos\u00e9 Dautrebande a fait partie du comit\u00e9 directeur du RFCL au temps du duo Hollange&#8211;Paque entre 1984 et 1987. Jos\u00e9 avait la charge de la communication et des relations publiques du club durant [&hellip;]<\/p>\n","protected":false},"author":12,"featured_media":14247,"comment_status":"closed","ping_status":"closed","sticky":false,"template":"","format":"standard","meta":{"iawp_total_views":5},"categories":[24],"tags":[],"_links":{"self":[{"href":"https:\/\/fcliege.be\/fr\/wp-json\/wp\/v2\/posts\/14244"}],"collection":[{"href":"https:\/\/fcliege.be\/fr\/wp-json\/wp\/v2\/posts"}],"about":[{"href":"https:\/\/fcliege.be\/fr\/wp-json\/wp\/v2\/types\/post"}],"author":[{"embeddable":true,"href":"https:\/\/fcliege.be\/fr\/wp-json\/wp\/v2\/users\/12"}],"replies":[{"embeddable":true,"href":"https:\/\/fcliege.be\/fr\/wp-json\/wp\/v2\/comments?post=14244"}],"version-history":[{"count":2,"href":"https:\/\/fcliege.be\/fr\/wp-json\/wp\/v2\/posts\/14244\/revisions"}],"predecessor-version":[{"id":14246,"href":"https:\/\/fcliege.be\/fr\/wp-json\/wp\/v2\/posts\/14244\/revisions\/14246"}],"wp:featuredmedia":[{"embeddable":true,"href":"https:\/\/fcliege.be\/fr\/wp-json\/wp\/v2\/media\/14247"}],"wp:attachment":[{"href":"https:\/\/fcliege.be\/fr\/wp-json\/wp\/v2\/media?parent=14244"}],"wp:term":[{"taxonomy":"category","embeddable":true,"href":"https:\/\/fcliege.be\/fr\/wp-json\/wp\/v2\/categories?post=14244"},{"taxonomy":"post_tag","embeddable":true,"href":"https:\/\/fcliege.be\/fr\/wp-json\/wp\/v2\/tags?post=14244"}],"curies":[{"name":"wp","href":"https:\/\/api.w.org\/{rel}","templated":true}]}}